{"id":106645,"date":"2022-05-04T10:54:57","date_gmt":"2022-05-04T13:54:57","guid":{"rendered":"https:\/\/eldiariodesanpedro.com.ar\/sitio\/?p=106645"},"modified":"2022-05-04T10:54:58","modified_gmt":"2022-05-04T13:54:58","slug":"hoy-el-estado-en-tu-barrio-en-vuelta-de-obligado","status":"publish","type":"post","link":"https:\/\/eldiariodesanpedro.com.ar\/sitio\/hoy-el-estado-en-tu-barrio-en-vuelta-de-obligado\/","title":{"rendered":"Hoy el estado en tu barrio en Vuelta de Obligado"},"content":{"rendered":"<!-- VideographyWP Plugin Message: Automatic video embedding prevented by plugin options. -->\n\n<p>Continuando con el operativo de abordaje territorial de la Municipalidad de San Pedro, las \u00e1reas municipales, en conjunto con otros organismos del Estado nacional y provincial, estar\u00e1n presentes este mi\u00e9rcoles 4 en la Plaza Santiago Moreira, de Vuelta de Obligado, entre las 09.00 y las 12.00.<\/p>\n\n\n\n<p>El programa persigue el objetivo de incrementar la presencia territorial del Estado, para acercar soluciones a los vecinos de los barrios y las localidades. All\u00ed quienes concurran podr\u00e1n iniciar tr\u00e1mites, realizar consultas, recibir asesoramiento e incluso recibir las vacunas correspondientes a las campa\u00f1as vigentes (incluyendo las dosis contra el Covid-19).<\/p>\n","protected":false},"excerpt":{"rendered":"<p>Continuando con el operativo de abordaje territorial de la Municipalidad de San Pedro, las \u00e1reas municipales, en conjunto con otros organismos del Estado nacional y provincial, estar\u00e1n presentes este mi\u00e9rcoles 4 en la Plaza Santiago Moreira, de Vuelta de Obligado, entre las 09.00 y las 12.00. El programa persigue el objetivo de incrementar la presencia [&hellip;]<\/p>\n","protected":false},"author":4,"featured_media":105896,"comment_status":"closed","ping_status":"closed","sticky":false,"template":"","format":"standard","meta":{"om_disable_all_campaigns":false,"_jetpack_memberships_contains_paid_content":false,"footnotes":""},"categories":[101,2],"tags":[197,696,33,19],"class_list":["post-106645","post","type-post","status-publish","format-standard","has-post-thumbnail","hentry","category-interes-general-locales","category-locales","tag-buenos-aires","tag-interes-general","tag-locales","tag-san-pedro"],"aioseo_notices":[],"gutentor_comment":0,"jetpack_featured_media_url":"https:\/\/eldiariodesanpedro.com.ar\/sitio\/wp-content\/uploads\/2022\/04\/WhatsApp-Image-2022-04-09-at-9.11.06-AM.jpeg","jetpack_shortlink":"https:\/\/wp.me\/p6RhLt-rK5","jetpack_sharing_enabled":true,"_links":{"self":[{"href":"https:\/\/eldiariodesanpedro.com.ar\/sitio\/wp-json\/wp\/v2\/posts\/106645","targetHints":{"allow":["GET"]}}],"collection":[{"href":"https:\/\/eldiariodesanpedro.com.ar\/sitio\/wp-json\/wp\/v2\/posts"}],"about":[{"href":"https:\/\/eldiariodesanpedro.com.ar\/sitio\/wp-json\/wp\/v2\/types\/post"}],"author":[{"embeddable":true,"href":"https:\/\/eldiariodesanpedro.com.ar\/sitio\/wp-json\/wp\/v2\/users\/4"}],"replies":[{"embeddable":true,"href":"https:\/\/eldiariodesanpedro.com.ar\/sitio\/wp-json\/wp\/v2\/comments?post=106645"}],"version-history":[{"count":1,"href":"https:\/\/eldiariodesanpedro.com.ar\/sitio\/wp-json\/wp\/v2\/posts\/106645\/revisions"}],"predecessor-version":[{"id":106646,"href":"https:\/\/eldiariodesanpedro.com.ar\/sitio\/wp-json\/wp\/v2\/posts\/106645\/revisions\/106646"}],"wp:featuredmedia":[{"embeddable":true,"href":"https:\/\/eldiariodesanpedro.com.ar\/sitio\/wp-json\/wp\/v2\/media\/105896"}],"wp:attachment":[{"href":"https:\/\/eldiariodesanpedro.com.ar\/sitio\/wp-json\/wp\/v2\/media?parent=106645"}],"wp:term":[{"taxonomy":"category","embeddable":true,"href":"https:\/\/eldiariodesanpedro.com.ar\/sitio\/wp-json\/wp\/v2\/categories?post=106645"},{"taxonomy":"post_tag","embeddable":true,"href":"https:\/\/eldiariodesanpedro.com.ar\/sitio\/wp-json\/wp\/v2\/tags?post=106645"}],"curies":[{"name":"wp","href":"https:\/\/api.w.org\/{rel}","templated":true}]}}