{"id":10664,"date":"2016-11-24T19:19:10","date_gmt":"2016-11-24T22:19:10","guid":{"rendered":"https:\/\/eldiariodesanpedro.com.ar\/sitio\/?p=10664"},"modified":"2016-11-24T19:19:10","modified_gmt":"2016-11-24T22:19:10","slug":"incendio-en-el-edificio-de-salta-y-arnaldo-donde-se-realizaba-la-filmacion-de-la-miniserie-el-jardin-de-bronce","status":"publish","type":"post","link":"https:\/\/eldiariodesanpedro.com.ar\/sitio\/incendio-en-el-edificio-de-salta-y-arnaldo-donde-se-realizaba-la-filmacion-de-la-miniserie-el-jardin-de-bronce\/","title":{"rendered":"Incendio en el edificio de Salta y Arnaldo, donde se realizaba la filmaci\u00f3n de la miniserie El jard\u00edn de bronce"},"content":{"rendered":"<p><!-- VideographyWP Plugin Message: Automatic video embedding prevented by plugin options. --><br \/>\nDos dotaciones del cuerpo de Bomberos Voluntarios debieron intervenir este mediod\u00eda en un incendio en el edificio municipal localizado en Salta y Arnaldo.<\/p>\n<p>Curiosamente, en ese lugar se estaba llevando a cabo la filmaci\u00f3n de la miniserie El jard\u00edn de bronce y los vecinos creyeron que se trataba de una escena del rodaje. Sin embargo, el fuego que se extend\u00eda en el interior de una de las salas interiores era muy real.<\/p>\n<p>En ese sentido, el suboficial ayudante primero, Marcos Varela, cont\u00f3 sobre lo actuado: \u201cSe encontraba fuego sobre una terraza donde se encontraban tres aires y, producto del calentamiento, se rompieron ventanas del teatro. Cuando llegamos nosotros pudimos pararlo para que no ingresara el fuego al resto del recinto\u201d.<\/p>\n<p>Y se\u00f1al\u00f3: \u201cAl lado de los motores hay basura, goma y alfombra, y producto de ello es la gran columna de humo que se ve\u00eda\u201d.<\/p>\n","protected":false},"excerpt":{"rendered":"<p>Dos dotaciones del cuerpo de Bomberos Voluntarios debieron intervenir este mediod\u00eda en un incendio en el edificio municipal localizado en Salta y Arnaldo. Curiosamente, en ese lugar se estaba llevando a cabo la filmaci\u00f3n de la miniserie El jard\u00edn de bronce y los vecinos creyeron que se trataba de una escena del rodaje. Sin embargo, [&hellip;]<\/p>\n","protected":false},"author":4,"featured_media":10665,"comment_status":"open","ping_status":"closed","sticky":false,"template":"","format":"standard","meta":{"om_disable_all_campaigns":false,"_jetpack_memberships_contains_paid_content":false,"footnotes":""},"categories":[101,2],"tags":[],"class_list":["post-10664","post","type-post","status-publish","format-standard","has-post-thumbnail","hentry","category-interes-general-locales","category-locales"],"aioseo_notices":[],"gutentor_comment":0,"jetpack_featured_media_url":"https:\/\/eldiariodesanpedro.com.ar\/sitio\/wp-content\/uploads\/2016\/11\/PAGINA-4-10.jpg","jetpack_shortlink":"https:\/\/wp.me\/p6RhLt-2M0","jetpack_sharing_enabled":true,"_links":{"self":[{"href":"https:\/\/eldiariodesanpedro.com.ar\/sitio\/wp-json\/wp\/v2\/posts\/10664","targetHints":{"allow":["GET"]}}],"collection":[{"href":"https:\/\/eldiariodesanpedro.com.ar\/sitio\/wp-json\/wp\/v2\/posts"}],"about":[{"href":"https:\/\/eldiariodesanpedro.com.ar\/sitio\/wp-json\/wp\/v2\/types\/post"}],"author":[{"embeddable":true,"href":"https:\/\/eldiariodesanpedro.com.ar\/sitio\/wp-json\/wp\/v2\/users\/4"}],"replies":[{"embeddable":true,"href":"https:\/\/eldiariodesanpedro.com.ar\/sitio\/wp-json\/wp\/v2\/comments?post=10664"}],"version-history":[{"count":1,"href":"https:\/\/eldiariodesanpedro.com.ar\/sitio\/wp-json\/wp\/v2\/posts\/10664\/revisions"}],"predecessor-version":[{"id":10666,"href":"https:\/\/eldiariodesanpedro.com.ar\/sitio\/wp-json\/wp\/v2\/posts\/10664\/revisions\/10666"}],"wp:featuredmedia":[{"embeddable":true,"href":"https:\/\/eldiariodesanpedro.com.ar\/sitio\/wp-json\/wp\/v2\/media\/10665"}],"wp:attachment":[{"href":"https:\/\/eldiariodesanpedro.com.ar\/sitio\/wp-json\/wp\/v2\/media?parent=10664"}],"wp:term":[{"taxonomy":"category","embeddable":true,"href":"https:\/\/eldiariodesanpedro.com.ar\/sitio\/wp-json\/wp\/v2\/categories?post=10664"},{"taxonomy":"post_tag","embeddable":true,"href":"https:\/\/eldiariodesanpedro.com.ar\/sitio\/wp-json\/wp\/v2\/tags?post=10664"}],"curies":[{"name":"wp","href":"https:\/\/api.w.org\/{rel}","templated":true}]}}