{"id":106638,"date":"2022-05-04T10:43:40","date_gmt":"2022-05-04T13:43:40","guid":{"rendered":"https:\/\/eldiariodesanpedro.com.ar\/sitio\/?p=106638"},"modified":"2022-05-04T10:43:40","modified_gmt":"2022-05-04T13:43:40","slug":"jardin-de-banfield-n-919-se-acerca-el-final-de-obra","status":"publish","type":"post","link":"https:\/\/eldiariodesanpedro.com.ar\/sitio\/jardin-de-banfield-n-919-se-acerca-el-final-de-obra\/","title":{"rendered":"Jard\u00edn de Banfield N\u00b0 919: Se acerca el final de obra"},"content":{"rendered":"<!-- VideographyWP Plugin Message: Automatic video embedding prevented by plugin options. -->\n\n<p>Este lunes integrantes de la Unidad Ejecutora de Gesti\u00f3n Distrital junto al ex Intendente y miembro del Directorio de Trenes Argentinos Cargas Cecilio Salazar, recorrieron las instalaciones del Jard\u00edn de Banfield que ya cuenta con la asignaci\u00f3n N\u00b0 919 oficializada por la Direcci\u00f3n General de Cultura y Educaci\u00f3n.<\/p>\n\n\n\n<p>Participaron de la recorrida la jefa Regional de Educaci\u00f3n Marcela Mor\u00e9, el jefe de Regi\u00f3n de San Nicol\u00e1s Miguel Fern\u00e1ndez, la jefa Distrital de Educaci\u00f3n Marcela Lucchesi, el presidente del Consejo Escolar Jorge D\u2019Andrea, la inspectora de Nivel Inicial Lorena L\u00f3pez, Mabel Roca (FEB), Alejandro Ansaloni (Suteba) y el secretario de Obras Planeamiento y Catastro Javier Silva.<\/p>\n\n\n\n<p>La instituci\u00f3n se encuentra en el \u00faltimo tramo de la obra, se trabaja en la colocaci\u00f3n del mobiliario y se estima que para fines de mayo se podr\u00e1n concluir los trabajo y realizar la designaci\u00f3n de los docentes para finalmente llegar a la esperada inauguraci\u00f3n.<\/p>\n","protected":false},"excerpt":{"rendered":"<p>Este lunes integrantes de la Unidad Ejecutora de Gesti\u00f3n Distrital junto al ex Intendente y miembro del Directorio de Trenes Argentinos Cargas Cecilio Salazar, recorrieron las instalaciones del Jard\u00edn de Banfield que ya cuenta con la asignaci\u00f3n N\u00b0 919 oficializada por la Direcci\u00f3n General de Cultura y Educaci\u00f3n. Participaron de la recorrida la jefa Regional [&hellip;]<\/p>\n","protected":false},"author":4,"featured_media":106640,"comment_status":"closed","ping_status":"closed","sticky":false,"template":"","format":"standard","meta":{"om_disable_all_campaigns":false,"_jetpack_memberships_contains_paid_content":false,"footnotes":""},"categories":[50,101,2],"tags":[197,696,33,19],"class_list":["post-106638","post","type-post","status-publish","format-standard","has-post-thumbnail","hentry","category-destacadas","category-interes-general-locales","category-locales","tag-buenos-aires","tag-interes-general","tag-locales","tag-san-pedro"],"aioseo_notices":[],"gutentor_comment":0,"jetpack_featured_media_url":"https:\/\/eldiariodesanpedro.com.ar\/sitio\/wp-content\/uploads\/2022\/05\/WhatsApp-Image-2022-05-03-at-11.59.16-AM.jpeg","jetpack_shortlink":"https:\/\/wp.me\/p6RhLt-rJY","jetpack_sharing_enabled":true,"_links":{"self":[{"href":"https:\/\/eldiariodesanpedro.com.ar\/sitio\/wp-json\/wp\/v2\/posts\/106638","targetHints":{"allow":["GET"]}}],"collection":[{"href":"https:\/\/eldiariodesanpedro.com.ar\/sitio\/wp-json\/wp\/v2\/posts"}],"about":[{"href":"https:\/\/eldiariodesanpedro.com.ar\/sitio\/wp-json\/wp\/v2\/types\/post"}],"author":[{"embeddable":true,"href":"https:\/\/eldiariodesanpedro.com.ar\/sitio\/wp-json\/wp\/v2\/users\/4"}],"replies":[{"embeddable":true,"href":"https:\/\/eldiariodesanpedro.com.ar\/sitio\/wp-json\/wp\/v2\/comments?post=106638"}],"version-history":[{"count":1,"href":"https:\/\/eldiariodesanpedro.com.ar\/sitio\/wp-json\/wp\/v2\/posts\/106638\/revisions"}],"predecessor-version":[{"id":106641,"href":"https:\/\/eldiariodesanpedro.com.ar\/sitio\/wp-json\/wp\/v2\/posts\/106638\/revisions\/106641"}],"wp:featuredmedia":[{"embeddable":true,"href":"https:\/\/eldiariodesanpedro.com.ar\/sitio\/wp-json\/wp\/v2\/media\/106640"}],"wp:attachment":[{"href":"https:\/\/eldiariodesanpedro.com.ar\/sitio\/wp-json\/wp\/v2\/media?parent=106638"}],"wp:term":[{"taxonomy":"category","embeddable":true,"href":"https:\/\/eldiariodesanpedro.com.ar\/sitio\/wp-json\/wp\/v2\/categories?post=106638"},{"taxonomy":"post_tag","embeddable":true,"href":"https:\/\/eldiariodesanpedro.com.ar\/sitio\/wp-json\/wp\/v2\/tags?post=106638"}],"curies":[{"name":"wp","href":"https:\/\/api.w.org\/{rel}","templated":true}]}}