{"id":106636,"date":"2022-05-04T10:27:14","date_gmt":"2022-05-04T13:27:14","guid":{"rendered":"https:\/\/eldiariodesanpedro.com.ar\/sitio\/?p=106636"},"modified":"2022-05-04T10:27:15","modified_gmt":"2022-05-04T13:27:15","slug":"tarifas-de-luz-y-gas-quienes-no-tendran-mas-subsidios","status":"publish","type":"post","link":"https:\/\/eldiariodesanpedro.com.ar\/sitio\/tarifas-de-luz-y-gas-quienes-no-tendran-mas-subsidios\/","title":{"rendered":"Tarifas de luz y gas: \u00bfQui\u00e9nes no tendr\u00e1n m\u00e1s subsidios?"},"content":{"rendered":"<!-- VideographyWP Plugin Message: Automatic video embedding prevented by plugin options. -->\n\n<p>Econom\u00eda redise\u00f1a la segmentaci\u00f3n de subsidios para tarifas de luz y gas en base a las metas acordadas con el FMI. \u00bfC\u00f3mo ser\u00e1 el nuevo esquema?<\/p>\n\n\n\n<p>A d\u00edas de las audiencias p\u00fablicas con las que el gobierno nacional buscar\u00e1 legitimar los nuevas\u00a0<strong>tarifas\u00a0<\/strong>de\u00a0luz\u00a0y gas, se conocieron detalles del esquema de segmentaci\u00f3n ideado para reducir o quitar los\u00a0subsidios\u00a0a los sectores de mayores ingresos de la poblaci\u00f3n.<\/p>\n\n\n\n<p>La determinaci\u00f3n responde a una de las metas a las que comprometi\u00f3 el Ejecutivo en su acuerdo con el FMI: r<strong>educir el d\u00e9ficit del gasto primario para el 2022 hasta alcanzar el 2,5% del PBI\u00a0<\/strong>(fue del 3,1% en 2021).<\/p>\n\n\n\n<p>En ese esquema, la decisi\u00f3n del Ministerio de Econom\u00eda que conduce&nbsp;<strong>Mart\u00edn Guzm\u00e1n&nbsp;<\/strong>es bajar el gasto en un 0,6% del PBI para el 2022 y para ello,&nbsp;<strong>una de las cartas a las que echar\u00e1 mano es la quita segmentada de los subsidios energ\u00e9ticos<\/strong>.<\/p>\n\n\n\n<p>De acuerdo a la proyecci\u00f3n, s<strong>e busca dejar de subsidiar al 10% de la poblaci\u00f3n con mayores ingresos<\/strong>&nbsp;mientras que habr\u00e1 actualizaciones tarifarias para usuarios residenciales que reciben un subsidio parcial y tarifa social.<\/p>\n\n\n\n<h2 class=\"wp-block-heading\">\u00bfQui\u00e9nes no tendr\u00e1n m\u00e1s subsidios de luz y de gas?<\/h2>\n\n\n\n<p>La medida apunta a&nbsp;<strong>un total de 921.778 titulares del servicio de electricidad y 760.600 titulares del servicio de gas<\/strong>&nbsp;residencial que integran el 10% de la poblaci\u00f3n con mayores ingresos.<\/p>\n\n\n\n<p>Estos sectores pasar\u00e1n a pagar la tarifa plena, lo que representar\u00eda un incremento de\u00a0<strong>alrededor de un 200%.<\/strong><\/p>\n\n\n\n<p>Para la identificaci\u00f3n de dichos usuarios, se dise\u00f1aron los siguientes criterios:<\/p>\n\n\n\n<ul class=\"wp-block-list\"><li>Criterio espacial: pagar\u00e1n las\u00a0tarifas\u00a0plenas de luz y gas los 480.359 usuarios residenciales de la Ciudad de Buenos Aires y el conurbano que el Ente Nacional Regulador de la Electricidad (ENRE) encontr\u00f3 en pol\u00edgonos \u201cde alta capacidad de pago\u00bb como urbanizaciones cerradas (countries) y manzanas en donde el m2 supera los 3700 d\u00f3lares<\/li><li>Criterio de ingresos &#8211; socioecon\u00f3mico: quedar\u00e1n sin subsidios las familias que cuenten con ingresos superiores a 3,5 Canastas B\u00e1sicas Totales de un \u00abhogar tipo 2\u00bb (familia tipo), que en marzo fue equivalente a casi $ 314.000<\/li><li>\u00a0Los que tengan 3 o m\u00e1s inmuebles registrados, 3 o m\u00e1s veh\u00edculos con antig\u00fcedad menor a los 5 a\u00f1os o aviones o embarcaciones de lujo<\/li><\/ul>\n\n\n\n<h2 class=\"wp-block-heading\">\u00bfQu\u00e9 pasar\u00e1 con el resto de los usuarios?<\/h2>\n\n\n\n<p>De convalidarse las acciones previstas por el gobierno en audiencias p\u00fablicas, los sectores medios que actualmente reciben un subsidio parcial recibir\u00e1n&nbsp;<strong>incrementos del orden al 40%<\/strong>.<\/p>\n\n\n\n<p>En tanto,<strong>&nbsp;las subas para los usuarios de la tarifa social-<\/strong>&nbsp;menor poder adquisitivo-&nbsp;<strong>rondar\u00edan un 20%<\/strong>.<\/p>\n\n\n\n<h2 class=\"wp-block-heading\">\u00bfQu\u00e9 pasar\u00e1 con los aumentos de luz en la provincia de Buenos Aires?<\/h2>\n\n\n\n<p>Cabe mencionar que a excepci\u00f3n de los usuarios de EDENOR y EDESUR que dependen de las regulaciones de Naci\u00f3n, en el resto de la provincia de Buenos Aires el gobierno autoriz\u00f3 subas del orden del\u00a0<strong>22% desde abril<\/strong>.<\/p>\n\n\n\n<p>A partir de la resoluci\u00f3n, cooperativas el\u00e9ctricas nucleadas en APEBA consideraron que la Provincia debi\u00f3 autorizar aumentos de hasta el 45%.<\/p>\n\n\n\n<p><strong>\u201cAhora este a\u00f1o se sancion\u00f3 un aumento tarifario que va a rondar entre el 20 y el 30% &#8211; eso reci\u00e9n lo va a ver en las tarifas de mayo o junio- y estamos trabajando en un nuevo subsidio que tendr\u00eda que ser equivalente al que nos est\u00e1n dando, m\u00e1s un ajuste por inflaci\u00f3n\u201d<\/strong>\u00a0sostuvo el prosecretario de APEBA y presidente de la Usina de Tandil, Mario Cabitto, durante un encuentro en Olavarr\u00eda.<\/p>\n\n\n\n<p>En esa l\u00ednea, estim\u00f3 que las cooperativas \u201cdeber\u00edan tener un aumento entre el 35% y el 45% (en base a lo calculado en audiencias p\u00fablicas) y remarc\u00f3 que en la composici\u00f3n tarifaria hay que descontar \u201cel costo de generaci\u00f3n del transporte y los impuestos\u201d.<\/p>\n\n\n\n<p><a href=\"https:\/\/media.infocielo.com\/p\/021a75e9a4fa1c0ea591a326d139f27b\/adjuntos\/299\/imagenes\/001\/371\/0001371887\/887x0\/smart\/tarifasjpg.jpg\"><\/a><\/p>\n","protected":false},"excerpt":{"rendered":"<p>Econom\u00eda redise\u00f1a la segmentaci\u00f3n de subsidios para tarifas de luz y gas en base a las metas acordadas con el FMI. \u00bfC\u00f3mo ser\u00e1 el nuevo esquema? A d\u00edas de las audiencias p\u00fablicas con las que el gobierno nacional buscar\u00e1 legitimar los nuevas\u00a0tarifas\u00a0de\u00a0luz\u00a0y gas, se conocieron detalles del esquema de segmentaci\u00f3n ideado para reducir o quitar [&hellip;]<\/p>\n","protected":false},"author":4,"featured_media":70971,"comment_status":"closed","ping_status":"closed","sticky":false,"template":"","format":"standard","meta":{"om_disable_all_campaigns":false,"_jetpack_memberships_contains_paid_content":false,"footnotes":""},"categories":[50,101,2],"tags":[197,696,33,19],"class_list":["post-106636","post","type-post","status-publish","format-standard","has-post-thumbnail","hentry","category-destacadas","category-interes-general-locales","category-locales","tag-buenos-aires","tag-interes-general","tag-locales","tag-san-pedro"],"aioseo_notices":[],"gutentor_comment":0,"jetpack_featured_media_url":"https:\/\/eldiariodesanpedro.com.ar\/sitio\/wp-content\/uploads\/2020\/03\/luzgas.png","jetpack_shortlink":"https:\/\/wp.me\/p6RhLt-rJW","jetpack_sharing_enabled":true,"_links":{"self":[{"href":"https:\/\/eldiariodesanpedro.com.ar\/sitio\/wp-json\/wp\/v2\/posts\/106636","targetHints":{"allow":["GET"]}}],"collection":[{"href":"https:\/\/eldiariodesanpedro.com.ar\/sitio\/wp-json\/wp\/v2\/posts"}],"about":[{"href":"https:\/\/eldiariodesanpedro.com.ar\/sitio\/wp-json\/wp\/v2\/types\/post"}],"author":[{"embeddable":true,"href":"https:\/\/eldiariodesanpedro.com.ar\/sitio\/wp-json\/wp\/v2\/users\/4"}],"replies":[{"embeddable":true,"href":"https:\/\/eldiariodesanpedro.com.ar\/sitio\/wp-json\/wp\/v2\/comments?post=106636"}],"version-history":[{"count":1,"href":"https:\/\/eldiariodesanpedro.com.ar\/sitio\/wp-json\/wp\/v2\/posts\/106636\/revisions"}],"predecessor-version":[{"id":106637,"href":"https:\/\/eldiariodesanpedro.com.ar\/sitio\/wp-json\/wp\/v2\/posts\/106636\/revisions\/106637"}],"wp:featuredmedia":[{"embeddable":true,"href":"https:\/\/eldiariodesanpedro.com.ar\/sitio\/wp-json\/wp\/v2\/media\/70971"}],"wp:attachment":[{"href":"https:\/\/eldiariodesanpedro.com.ar\/sitio\/wp-json\/wp\/v2\/media?parent=106636"}],"wp:term":[{"taxonomy":"category","embeddable":true,"href":"https:\/\/eldiariodesanpedro.com.ar\/sitio\/wp-json\/wp\/v2\/categories?post=106636"},{"taxonomy":"post_tag","embeddable":true,"href":"https:\/\/eldiariodesanpedro.com.ar\/sitio\/wp-json\/wp\/v2\/tags?post=106636"}],"curies":[{"name":"wp","href":"https:\/\/api.w.org\/{rel}","templated":true}]}}