{"id":106626,"date":"2022-05-03T21:25:50","date_gmt":"2022-05-04T00:25:50","guid":{"rendered":"https:\/\/eldiariodesanpedro.com.ar\/sitio\/?p=106626"},"modified":"2022-05-03T21:25:51","modified_gmt":"2022-05-04T00:25:51","slug":"edicto-de-sucesion-de-maria-paula-macchia","status":"publish","type":"post","link":"https:\/\/eldiariodesanpedro.com.ar\/sitio\/edicto-de-sucesion-de-maria-paula-macchia\/","title":{"rendered":"Edicto de Sucesi\u00f3n de Maria Paula Macchia"},"content":{"rendered":"<!-- VideographyWP Plugin Message: Automatic video embedding prevented by plugin options. -->\n\n<p>El Juzgado Civil y Comercial N\u00b03 de San Nicol\u00e1s, del Departamento Judicial de San Nicol\u00e1s, cita y emplaza por Treinta d\u00edas a herederos y acreedores de <strong>Maria Paula Macchia<\/strong>.- San Nicol\u00e1s,&nbsp; de Abril de 2022.-<\/p>\n\n\n\n<p>CARCURO ANTONELA YAEL<br>AUXILIAR LETRADO<\/p>\n\n\n\n<p>(Publicaci\u00f3n V\u00e1lida por los d\u00edas 03, 04 y 05 de Abril de 2022)<br><a href=\"https:\/\/notificaciones.scba.gov.ar\/verificarnotificacion.aspx?codNotif=NQ75WDVN92Q9\">https:\/\/notificaciones.scba.gov.ar\/verificarnotificacion.aspx?codNotif=NQ75WDVN92Q9<\/a><\/p>\n","protected":false},"excerpt":{"rendered":"<p>El Juzgado Civil y Comercial N\u00b03 de San Nicol\u00e1s, del Departamento Judicial de San Nicol\u00e1s, cita y emplaza por Treinta d\u00edas a herederos y acreedores de Maria Paula Macchia.- San Nicol\u00e1s,&nbsp; de Abril de 2022.- CARCURO ANTONELA YAELAUXILIAR LETRADO (Publicaci\u00f3n V\u00e1lida por los d\u00edas 03, 04 y 05 de Abril de 2022)https:\/\/notificaciones.scba.gov.ar\/verificarnotificacion.aspx?codNotif=NQ75WDVN92Q9<\/p>\n","protected":false},"author":4,"featured_media":81115,"comment_status":"closed","ping_status":"closed","sticky":false,"template":"","format":"standard","meta":{"om_disable_all_campaigns":false,"_jetpack_memberships_contains_paid_content":false,"footnotes":""},"categories":[676,677],"tags":[197,696,33,19],"class_list":["post-106626","post","type-post","status-publish","format-standard","has-post-thumbnail","hentry","category-edictos","category-edictos-sucesorios","tag-buenos-aires","tag-interes-general","tag-locales","tag-san-pedro"],"aioseo_notices":[],"gutentor_comment":0,"jetpack_featured_media_url":"https:\/\/eldiariodesanpedro.com.ar\/sitio\/wp-content\/uploads\/2020\/09\/Poder-Judicial.jpg","jetpack_shortlink":"https:\/\/wp.me\/p6RhLt-rJM","jetpack_sharing_enabled":true,"_links":{"self":[{"href":"https:\/\/eldiariodesanpedro.com.ar\/sitio\/wp-json\/wp\/v2\/posts\/106626","targetHints":{"allow":["GET"]}}],"collection":[{"href":"https:\/\/eldiariodesanpedro.com.ar\/sitio\/wp-json\/wp\/v2\/posts"}],"about":[{"href":"https:\/\/eldiariodesanpedro.com.ar\/sitio\/wp-json\/wp\/v2\/types\/post"}],"author":[{"embeddable":true,"href":"https:\/\/eldiariodesanpedro.com.ar\/sitio\/wp-json\/wp\/v2\/users\/4"}],"replies":[{"embeddable":true,"href":"https:\/\/eldiariodesanpedro.com.ar\/sitio\/wp-json\/wp\/v2\/comments?post=106626"}],"version-history":[{"count":1,"href":"https:\/\/eldiariodesanpedro.com.ar\/sitio\/wp-json\/wp\/v2\/posts\/106626\/revisions"}],"predecessor-version":[{"id":106627,"href":"https:\/\/eldiariodesanpedro.com.ar\/sitio\/wp-json\/wp\/v2\/posts\/106626\/revisions\/106627"}],"wp:featuredmedia":[{"embeddable":true,"href":"https:\/\/eldiariodesanpedro.com.ar\/sitio\/wp-json\/wp\/v2\/media\/81115"}],"wp:attachment":[{"href":"https:\/\/eldiariodesanpedro.com.ar\/sitio\/wp-json\/wp\/v2\/media?parent=106626"}],"wp:term":[{"taxonomy":"category","embeddable":true,"href":"https:\/\/eldiariodesanpedro.com.ar\/sitio\/wp-json\/wp\/v2\/categories?post=106626"},{"taxonomy":"post_tag","embeddable":true,"href":"https:\/\/eldiariodesanpedro.com.ar\/sitio\/wp-json\/wp\/v2\/tags?post=106626"}],"curies":[{"name":"wp","href":"https:\/\/api.w.org\/{rel}","templated":true}]}}