{"id":106617,"date":"2022-05-03T14:33:28","date_gmt":"2022-05-03T17:33:28","guid":{"rendered":"https:\/\/eldiariodesanpedro.com.ar\/sitio\/?p=106617"},"modified":"2022-05-03T14:33:29","modified_gmt":"2022-05-03T17:33:29","slug":"dos-anos-del-femicidio-de-maria-esperanza","status":"publish","type":"post","link":"https:\/\/eldiariodesanpedro.com.ar\/sitio\/dos-anos-del-femicidio-de-maria-esperanza\/","title":{"rendered":"Dos a\u00f1os del femicidio de Mar\u00eda Esperanza"},"content":{"rendered":"<!-- VideographyWP Plugin Message: Automatic video embedding prevented by plugin options. -->\n\n<p>La secretar\u00eda de Pol\u00edticas de G\u00e9nero, Mujeres y Diversidad, junto a la mesa Local de Atenci\u00f3n y Prevenci\u00f3n de Violencia de G\u00e9nero y Familiar, convocan este martes 3 de mayo, con motivo de conmemorarse el segundo aniversario del femicidio de Mar\u00eda Esperanza Fern\u00e1ndez, a participar de un breve acto para recordarla. El mismo se concretar\u00e1 en la secretar\u00eda (Salta y San Mart\u00edn) desde las 18.00.<\/p>\n","protected":false},"excerpt":{"rendered":"<p>La secretar\u00eda de Pol\u00edticas de G\u00e9nero, Mujeres y Diversidad, junto a la mesa Local de Atenci\u00f3n y Prevenci\u00f3n de Violencia de G\u00e9nero y Familiar, convocan este martes 3 de mayo, con motivo de conmemorarse el segundo aniversario del femicidio de Mar\u00eda Esperanza Fern\u00e1ndez, a participar de un breve acto para recordarla. El mismo se concretar\u00e1 [&hellip;]<\/p>\n","protected":false},"author":4,"featured_media":106619,"comment_status":"closed","ping_status":"closed","sticky":false,"template":"","format":"standard","meta":{"om_disable_all_campaigns":false,"_jetpack_memberships_contains_paid_content":false,"footnotes":""},"categories":[101,2],"tags":[197,696,33,19],"class_list":["post-106617","post","type-post","status-publish","format-standard","has-post-thumbnail","hentry","category-interes-general-locales","category-locales","tag-buenos-aires","tag-interes-general","tag-locales","tag-san-pedro"],"aioseo_notices":[],"gutentor_comment":0,"jetpack_featured_media_url":"https:\/\/eldiariodesanpedro.com.ar\/sitio\/wp-content\/uploads\/2022\/05\/WhatsApp-Image-2022-05-03-at-9.25.13-AM.jpeg","jetpack_shortlink":"https:\/\/wp.me\/p6RhLt-rJD","jetpack_sharing_enabled":true,"_links":{"self":[{"href":"https:\/\/eldiariodesanpedro.com.ar\/sitio\/wp-json\/wp\/v2\/posts\/106617","targetHints":{"allow":["GET"]}}],"collection":[{"href":"https:\/\/eldiariodesanpedro.com.ar\/sitio\/wp-json\/wp\/v2\/posts"}],"about":[{"href":"https:\/\/eldiariodesanpedro.com.ar\/sitio\/wp-json\/wp\/v2\/types\/post"}],"author":[{"embeddable":true,"href":"https:\/\/eldiariodesanpedro.com.ar\/sitio\/wp-json\/wp\/v2\/users\/4"}],"replies":[{"embeddable":true,"href":"https:\/\/eldiariodesanpedro.com.ar\/sitio\/wp-json\/wp\/v2\/comments?post=106617"}],"version-history":[{"count":1,"href":"https:\/\/eldiariodesanpedro.com.ar\/sitio\/wp-json\/wp\/v2\/posts\/106617\/revisions"}],"predecessor-version":[{"id":106620,"href":"https:\/\/eldiariodesanpedro.com.ar\/sitio\/wp-json\/wp\/v2\/posts\/106617\/revisions\/106620"}],"wp:featuredmedia":[{"embeddable":true,"href":"https:\/\/eldiariodesanpedro.com.ar\/sitio\/wp-json\/wp\/v2\/media\/106619"}],"wp:attachment":[{"href":"https:\/\/eldiariodesanpedro.com.ar\/sitio\/wp-json\/wp\/v2\/media?parent=106617"}],"wp:term":[{"taxonomy":"category","embeddable":true,"href":"https:\/\/eldiariodesanpedro.com.ar\/sitio\/wp-json\/wp\/v2\/categories?post=106617"},{"taxonomy":"post_tag","embeddable":true,"href":"https:\/\/eldiariodesanpedro.com.ar\/sitio\/wp-json\/wp\/v2\/tags?post=106617"}],"curies":[{"name":"wp","href":"https:\/\/api.w.org\/{rel}","templated":true}]}}