{"id":106614,"date":"2022-05-03T14:29:51","date_gmt":"2022-05-03T17:29:51","guid":{"rendered":"https:\/\/eldiariodesanpedro.com.ar\/sitio\/?p=106614"},"modified":"2022-05-03T14:29:52","modified_gmt":"2022-05-03T17:29:52","slug":"visita-a-la-casa-de-teatro-de-la-localidad-de-santa-lucia-por-la-firma-del-convenio-programa-centros-juveniles","status":"publish","type":"post","link":"https:\/\/eldiariodesanpedro.com.ar\/sitio\/visita-a-la-casa-de-teatro-de-la-localidad-de-santa-lucia-por-la-firma-del-convenio-programa-centros-juveniles\/","title":{"rendered":"Visita a la Casa de Teatro de la localidad de Santa Luc\u00eda por la firma del convenio \u201cPrograma Centros Juveniles\u201d"},"content":{"rendered":"<!-- VideographyWP Plugin Message: Automatic video embedding prevented by plugin options. -->\n\n<p>La directora Provincial de Juventudes, Ayel\u00e9n L\u00f3pez y el director Provincial de Pol\u00edticas Solidarias Felipe Rinesi, junto a integrantes de la Direcci\u00f3n Provincial de Juventudes dependiente de la Subsecretar\u00eda de Pol\u00edticas Sociales del Ministerio de Desarrollo de la Comunidad de la Provincia de Buenos Aires, conjuntamente con el equipo de la Secretar\u00eda de Desarrollo Humano de la Municipalidad de San Pedro, visitaron la Casa del Teatro de la localidad de Santa Luc\u00eda luego de las gestiones que se vienen llevando adelante desde la Secretar\u00eda para la creaci\u00f3n de Centros Juveniles en diferentes barrios de la ciudad y las localidades.<\/p>\n\n\n\n<p>Santa Luc\u00eda ser\u00e1 el primer sitio para el que se firmar\u00e1 un convenio entre la Municipalidad de San Pedro y el Ministerio de Desarrollo de la Comunidad, permitiendo la creaci\u00f3n de un Centro Juvenil que funcionar\u00e1 en la Casa de Teatro, donde se dictar\u00e1n talleres y se realizar\u00e1n actividades para j\u00f3venes y adolescentes.<\/p>\n","protected":false},"excerpt":{"rendered":"<p>La directora Provincial de Juventudes, Ayel\u00e9n L\u00f3pez y el director Provincial de Pol\u00edticas Solidarias Felipe Rinesi, junto a integrantes de la Direcci\u00f3n Provincial de Juventudes dependiente de la Subsecretar\u00eda de Pol\u00edticas Sociales del Ministerio de Desarrollo de la Comunidad de la Provincia de Buenos Aires, conjuntamente con el equipo de la Secretar\u00eda de Desarrollo Humano [&hellip;]<\/p>\n","protected":false},"author":4,"featured_media":106615,"comment_status":"closed","ping_status":"closed","sticky":false,"template":"","format":"standard","meta":{"om_disable_all_campaigns":false,"_jetpack_memberships_contains_paid_content":false,"footnotes":""},"categories":[50,101,2],"tags":[197,696,33,19],"class_list":["post-106614","post","type-post","status-publish","format-standard","has-post-thumbnail","hentry","category-destacadas","category-interes-general-locales","category-locales","tag-buenos-aires","tag-interes-general","tag-locales","tag-san-pedro"],"aioseo_notices":[],"gutentor_comment":0,"jetpack_featured_media_url":"https:\/\/eldiariodesanpedro.com.ar\/sitio\/wp-content\/uploads\/2022\/05\/WhatsApp-Image-2022-05-02-at-1.55.10-PM.jpeg","jetpack_shortlink":"https:\/\/wp.me\/p6RhLt-rJA","jetpack_sharing_enabled":true,"_links":{"self":[{"href":"https:\/\/eldiariodesanpedro.com.ar\/sitio\/wp-json\/wp\/v2\/posts\/106614","targetHints":{"allow":["GET"]}}],"collection":[{"href":"https:\/\/eldiariodesanpedro.com.ar\/sitio\/wp-json\/wp\/v2\/posts"}],"about":[{"href":"https:\/\/eldiariodesanpedro.com.ar\/sitio\/wp-json\/wp\/v2\/types\/post"}],"author":[{"embeddable":true,"href":"https:\/\/eldiariodesanpedro.com.ar\/sitio\/wp-json\/wp\/v2\/users\/4"}],"replies":[{"embeddable":true,"href":"https:\/\/eldiariodesanpedro.com.ar\/sitio\/wp-json\/wp\/v2\/comments?post=106614"}],"version-history":[{"count":1,"href":"https:\/\/eldiariodesanpedro.com.ar\/sitio\/wp-json\/wp\/v2\/posts\/106614\/revisions"}],"predecessor-version":[{"id":106616,"href":"https:\/\/eldiariodesanpedro.com.ar\/sitio\/wp-json\/wp\/v2\/posts\/106614\/revisions\/106616"}],"wp:featuredmedia":[{"embeddable":true,"href":"https:\/\/eldiariodesanpedro.com.ar\/sitio\/wp-json\/wp\/v2\/media\/106615"}],"wp:attachment":[{"href":"https:\/\/eldiariodesanpedro.com.ar\/sitio\/wp-json\/wp\/v2\/media?parent=106614"}],"wp:term":[{"taxonomy":"category","embeddable":true,"href":"https:\/\/eldiariodesanpedro.com.ar\/sitio\/wp-json\/wp\/v2\/categories?post=106614"},{"taxonomy":"post_tag","embeddable":true,"href":"https:\/\/eldiariodesanpedro.com.ar\/sitio\/wp-json\/wp\/v2\/tags?post=106614"}],"curies":[{"name":"wp","href":"https:\/\/api.w.org\/{rel}","templated":true}]}}