{"id":106612,"date":"2022-05-03T11:16:47","date_gmt":"2022-05-03T14:16:47","guid":{"rendered":"https:\/\/eldiariodesanpedro.com.ar\/sitio\/?p=106612"},"modified":"2022-05-03T11:16:50","modified_gmt":"2022-05-03T14:16:50","slug":"encuentran-abandonado-un-automovil-en-un-camino-rural-robado-en-baradero%ef%bf%bc","status":"publish","type":"post","link":"https:\/\/eldiariodesanpedro.com.ar\/sitio\/encuentran-abandonado-un-automovil-en-un-camino-rural-robado-en-baradero%ef%bf%bc\/","title":{"rendered":"Encuentran abandonado un autom\u00f3vil en un camino rural robado en Baradero\ufffc"},"content":{"rendered":"<!-- VideographyWP Plugin Message: Automatic video embedding prevented by plugin options. -->\n\n<p>Promediando el mediod\u00eda de ayer personal policial de la comisar\u00eda en calle zona rural camino Aeroclub s\/n, hall\u00f3 autom\u00f3vil abandonado sin ocupantes.&nbsp;<\/p>\n\n\n\n<p>Que mediante el sistema inform\u00e1tico se establece que registra pedido secuestro activo del d\u00eda 01 de mayo por hecho de \u201crobo en Baradero\u201d,&nbsp; a requerimiento Fiscal\u00eda de Baradero,. La Polic\u00eda Cient\u00edfica realiza pericias rigor y posterior secuestro del rodado quedando al resguardo.-&nbsp;<\/p>\n\n\n\n<p>Interviene la fiscal\u00eda local en turno.<\/p>\n","protected":false},"excerpt":{"rendered":"<p>Promediando el mediod\u00eda de ayer personal policial de la comisar\u00eda en calle zona rural camino Aeroclub s\/n, hall\u00f3 autom\u00f3vil abandonado sin ocupantes.&nbsp; Que mediante el sistema inform\u00e1tico se establece que registra pedido secuestro activo del d\u00eda 01 de mayo por hecho de \u201crobo en Baradero\u201d,&nbsp; a requerimiento Fiscal\u00eda de Baradero,. La Polic\u00eda Cient\u00edfica realiza pericias [&hellip;]<\/p>\n","protected":false},"author":4,"featured_media":77860,"comment_status":"closed","ping_status":"closed","sticky":false,"template":"","format":"standard","meta":{"om_disable_all_campaigns":false,"_jetpack_memberships_contains_paid_content":false,"footnotes":""},"categories":[50,2,103],"tags":[197,33,95,19],"class_list":["post-106612","post","type-post","status-publish","format-standard","has-post-thumbnail","hentry","category-destacadas","category-locales","category-policiales-locales","tag-buenos-aires","tag-locales","tag-policiales","tag-san-pedro"],"aioseo_notices":[],"gutentor_comment":0,"jetpack_featured_media_url":"https:\/\/eldiariodesanpedro.com.ar\/sitio\/wp-content\/uploads\/2020\/07\/000085506.jpg","jetpack_shortlink":"https:\/\/wp.me\/p6RhLt-rJy","jetpack_sharing_enabled":true,"_links":{"self":[{"href":"https:\/\/eldiariodesanpedro.com.ar\/sitio\/wp-json\/wp\/v2\/posts\/106612","targetHints":{"allow":["GET"]}}],"collection":[{"href":"https:\/\/eldiariodesanpedro.com.ar\/sitio\/wp-json\/wp\/v2\/posts"}],"about":[{"href":"https:\/\/eldiariodesanpedro.com.ar\/sitio\/wp-json\/wp\/v2\/types\/post"}],"author":[{"embeddable":true,"href":"https:\/\/eldiariodesanpedro.com.ar\/sitio\/wp-json\/wp\/v2\/users\/4"}],"replies":[{"embeddable":true,"href":"https:\/\/eldiariodesanpedro.com.ar\/sitio\/wp-json\/wp\/v2\/comments?post=106612"}],"version-history":[{"count":1,"href":"https:\/\/eldiariodesanpedro.com.ar\/sitio\/wp-json\/wp\/v2\/posts\/106612\/revisions"}],"predecessor-version":[{"id":106613,"href":"https:\/\/eldiariodesanpedro.com.ar\/sitio\/wp-json\/wp\/v2\/posts\/106612\/revisions\/106613"}],"wp:featuredmedia":[{"embeddable":true,"href":"https:\/\/eldiariodesanpedro.com.ar\/sitio\/wp-json\/wp\/v2\/media\/77860"}],"wp:attachment":[{"href":"https:\/\/eldiariodesanpedro.com.ar\/sitio\/wp-json\/wp\/v2\/media?parent=106612"}],"wp:term":[{"taxonomy":"category","embeddable":true,"href":"https:\/\/eldiariodesanpedro.com.ar\/sitio\/wp-json\/wp\/v2\/categories?post=106612"},{"taxonomy":"post_tag","embeddable":true,"href":"https:\/\/eldiariodesanpedro.com.ar\/sitio\/wp-json\/wp\/v2\/tags?post=106612"}],"curies":[{"name":"wp","href":"https:\/\/api.w.org\/{rel}","templated":true}]}}