{"id":10661,"date":"2016-11-24T19:13:29","date_gmt":"2016-11-24T22:13:29","guid":{"rendered":"https:\/\/eldiariodesanpedro.com.ar\/sitio\/?p=10661"},"modified":"2016-11-24T19:13:29","modified_gmt":"2016-11-24T22:13:29","slug":"tras-la-detencion-la-ufi-no-5-avanza-con-la-investigacion-del-homicidio-de-pedro-caballero","status":"publish","type":"post","link":"https:\/\/eldiariodesanpedro.com.ar\/sitio\/tras-la-detencion-la-ufi-no-5-avanza-con-la-investigacion-del-homicidio-de-pedro-caballero\/","title":{"rendered":"Tras la detenci\u00f3n, la UFI N\u00ba 5 avanza con la investigaci\u00f3n del homicidio de Pedro Caballero"},"content":{"rendered":"<p><!-- VideographyWP Plugin Message: Automatic video embedding prevented by plugin options. --><br \/>\nSobre el final de la jornada del mi\u00e9rcoles, tras haber sido solicitado por el fiscal Marcelo Manso, el juez Ricardo Pratti otorg\u00f3 la detenci\u00f3n de Nazareno Monz\u00f3n (22), hasta el momento la \u00fanica persona ligada a la causa y posible autor del hecho. Sin embargo, ahora la defensa tendr\u00e1 seis d\u00edas para apelar la medida.<br \/>\nConsultado acerca de las actuaciones de las \u00faltimas horas, Manso explic\u00f3: \u201cAmpliamos los dichos de un testigo que dio cuenta de que hab\u00eda visto una pelea con cuchillos y otro testigo indic\u00f3 que al chico que tenemos aprehendido estaba en poder de un cuchillo en el momento de la pelea y despu\u00e9s una multiplicidad de declaraciones que lo ven peleando con las v\u00edctimas\u201d. <\/p>\n<p>Sobre ello, opin\u00f3: \u201cSon elementos importante que justifican a criterio de la Fiscal\u00eda y evidentemente el criterio del Juez una medida de coerci\u00f3n que se dict\u00f3, que es la detenci\u00f3n\u201d.<\/p>\n<p>Asimismo dijo que \u201cse va a hacer una nueva ronda de reconocimientos con la gente que no a\u00fan no vino y con otra gente que se pueda ir agregando\u201d. \u201cEso seguramente lo haremos la semana que viene\u201d, se\u00f1al\u00f3.  <\/p>\n<p>En tanto, que sostuvo: \u201cNosotros tenemos identificadas a tres personas que participaron de la pelea por parte de uno de los grupos, entre los cuales est\u00e1 el agresor. Los tres fueron sometidos a reconocimiento, de esos fueron reconocidos dos, pero sobre los elementos de pruebas que incorporaron permitieron inferir que uno de los dos hab\u00eda sido el autor material del homicidio, de las lesiones y es por eso que se pidi\u00f3 la medida de coerci\u00f3n\u201d.<\/p>\n<p>Por otro lado, consultado acerca de la causa paralela que se inici\u00f3 a dos j\u00f3venes por falso testimonio, Manso asever\u00f3: \u201cSe colocaron en un lugar y en un momento que nos permitir\u00eda a nosotros tenerlas como testigos privilegiados y despu\u00e9s determinamos con los elementos de pruebas que fuimos incorporando con posterioridad a esos testimonios de que no estuvieron en el lugar del hecho\u201d.  <\/p>\n<p><strong>Marcha<\/strong><\/p>\n<p>En tanto, fuentes cercanas a la familia del joven asesinado confirmaron que la marcha se llevar\u00e1 a cabo el martes pr\u00f3ximo. Seg\u00fan dieron a conocer, convocar\u00edan a una gran cantidad de personas que llegar\u00edan desde el Gran Buenos Aires. Tambi\u00e9n hicieron extensiva la invitaci\u00f3n a los vecinos de la ciudad. A\u00fan el recorrido no est\u00e1 del todo definido, lo que s\u00ed se sabe es que pasar\u00e1n tanto por la fiscal\u00eda como por el bar Napole.<\/p>\n<p> <strong>Clausura de Napole<\/strong><\/p>\n<p>El Dr. Mauricio Gugger, asesor letrado de los due\u00f1os de Napole, brind\u00f3 informaci\u00f3n a trav\u00e9s de La Radio 92.3, sobre el pedido de eximici\u00f3n de prisi\u00f3n para ambos titulares del boliche. Adem\u00e1s se refiri\u00f3 al pedido de levantamiento de la clausura del local y adem\u00e1s confirm\u00f3 la presentaci\u00f3n de testigos que aportaron datos ante la UFI N\u00b0 5 sobre lo sucedido en la madrugada en que ocurri\u00f3 el hecho.<\/p>\n<p>Sobre el pedido el pedido de eximici\u00f3n de prisi\u00f3n explic\u00f3: \u201cNosotros en el avance de la causa y de la investigaci\u00f3n pudimos percibir que alguna l\u00ednea de investigaci\u00f3n apuntaba a nuestros clientes y en virtud de ello presentamos la medida\u201d, deslig\u00e1ndolos de toda responsabilidad de lo sucedido.<\/p>\n<p>Con respecto a la clausura del boliche dijo: \u201cLo est\u00e1 trabajando la Dra. Tomassi\u201d. \u201cEntiendo que el viernes se presentar\u00e1 la impugnaci\u00f3n de la clausura\u201d. En ese sentido opin\u00f3: \u201cFue de un prejuzgamiento bochornoso\u201d, y agreg\u00f3: \u201cLa clausura que les pesa es excesiva, arbitraria y hasta discriminatoria\u201d.<\/p>\n<p>Al tiempo, se\u00f1al\u00f3 que todo el tiempo estuvieron a disposici\u00f3n de la Justicia: hasta presentaron tres testigos del hecho. \u201cMis clientes se encargaron de dar con ellos\u201d, asever\u00f3 el letrado.<\/p>\n<p>Por otro lado, dijo que el hecho podr\u00eda haber ocurrido en \u201ccualquier\u201d boliche. \u201cLa gente tiene miedo, hay un pibe muerto y dos heridos\u201d, agreg\u00f3.<\/p>\n<p>Tambi\u00e9n sostuvo que a\u00fan no se pudo acreditar que el homicidio ocurriera en el interior. \u201cNo es certero esa sospecha que tiene la Justicia de que haya ocurrido en el interior del local\u201d. \u201cIncluso afuera se siguieron peleando\u201d, asever\u00f3. \u201cFalta determinar el lugar del hecho, es una causa compleja\u201d, sostuvo.<\/p>\n","protected":false},"excerpt":{"rendered":"<p>Sobre el final de la jornada del mi\u00e9rcoles, tras haber sido solicitado por el fiscal Marcelo Manso, el juez Ricardo Pratti otorg\u00f3 la detenci\u00f3n de Nazareno Monz\u00f3n (22), hasta el momento la \u00fanica persona ligada a la causa y posible autor del hecho. Sin embargo, ahora la defensa tendr\u00e1 seis d\u00edas para apelar la medida. [&hellip;]<\/p>\n","protected":false},"author":4,"featured_media":10662,"comment_status":"open","ping_status":"closed","sticky":false,"template":"","format":"standard","meta":{"om_disable_all_campaigns":false,"_jetpack_memberships_contains_paid_content":false,"footnotes":""},"categories":[2,103],"tags":[],"class_list":["post-10661","post","type-post","status-publish","format-standard","has-post-thumbnail","hentry","category-locales","category-policiales-locales"],"aioseo_notices":[],"gutentor_comment":0,"jetpack_featured_media_url":"https:\/\/eldiariodesanpedro.com.ar\/sitio\/wp-content\/uploads\/2016\/11\/fiscal-marcelo-manso.jpg","jetpack_shortlink":"https:\/\/wp.me\/p6RhLt-2LX","jetpack_sharing_enabled":true,"_links":{"self":[{"href":"https:\/\/eldiariodesanpedro.com.ar\/sitio\/wp-json\/wp\/v2\/posts\/10661","targetHints":{"allow":["GET"]}}],"collection":[{"href":"https:\/\/eldiariodesanpedro.com.ar\/sitio\/wp-json\/wp\/v2\/posts"}],"about":[{"href":"https:\/\/eldiariodesanpedro.com.ar\/sitio\/wp-json\/wp\/v2\/types\/post"}],"author":[{"embeddable":true,"href":"https:\/\/eldiariodesanpedro.com.ar\/sitio\/wp-json\/wp\/v2\/users\/4"}],"replies":[{"embeddable":true,"href":"https:\/\/eldiariodesanpedro.com.ar\/sitio\/wp-json\/wp\/v2\/comments?post=10661"}],"version-history":[{"count":1,"href":"https:\/\/eldiariodesanpedro.com.ar\/sitio\/wp-json\/wp\/v2\/posts\/10661\/revisions"}],"predecessor-version":[{"id":10663,"href":"https:\/\/eldiariodesanpedro.com.ar\/sitio\/wp-json\/wp\/v2\/posts\/10661\/revisions\/10663"}],"wp:featuredmedia":[{"embeddable":true,"href":"https:\/\/eldiariodesanpedro.com.ar\/sitio\/wp-json\/wp\/v2\/media\/10662"}],"wp:attachment":[{"href":"https:\/\/eldiariodesanpedro.com.ar\/sitio\/wp-json\/wp\/v2\/media?parent=10661"}],"wp:term":[{"taxonomy":"category","embeddable":true,"href":"https:\/\/eldiariodesanpedro.com.ar\/sitio\/wp-json\/wp\/v2\/categories?post=10661"},{"taxonomy":"post_tag","embeddable":true,"href":"https:\/\/eldiariodesanpedro.com.ar\/sitio\/wp-json\/wp\/v2\/tags?post=10661"}],"curies":[{"name":"wp","href":"https:\/\/api.w.org\/{rel}","templated":true}]}}