{"id":106603,"date":"2022-05-03T10:51:24","date_gmt":"2022-05-03T13:51:24","guid":{"rendered":"https:\/\/eldiariodesanpedro.com.ar\/sitio\/?p=106603"},"modified":"2022-05-03T10:52:29","modified_gmt":"2022-05-03T13:52:29","slug":"amenazo-agredio-e-incluso-le-disparo-a-su-madre-con-una-replica-de-arma-de-fuego","status":"publish","type":"post","link":"https:\/\/eldiariodesanpedro.com.ar\/sitio\/amenazo-agredio-e-incluso-le-disparo-a-su-madre-con-una-replica-de-arma-de-fuego\/","title":{"rendered":"Amenaz\u00f3, agredi\u00f3 e incluso le dispar\u00f3 a su madre con una r\u00e9plica de arma de fuego\u00a0\ufffc"},"content":{"rendered":"<!-- VideographyWP Plugin Message: Automatic video embedding prevented by plugin options. -->\n\n<p>En la tarde de ayer, el personal policial alertado por conflicto familiar acude a barrio Fonavi 1 Calle Bozano al 350 donde proceden a la aprehensi\u00f3n de un joven de 24 a\u00f1os de edad, quien interior domicilio, agredi\u00f3 f\u00edsicamente a su progenitora, da\u00f1ando objetos, como as\u00ed amenaz\u00e1ndola de muerte con r\u00e9plica de arma de fuego aire comprimido lanza balines.&nbsp;<\/p>\n\n\n\n<p>La v\u00edctima una mujer de 45 a\u00f1os, fue trasladada hacia Comisaria de la Mujer local donde es asistida.&nbsp;<\/p>\n\n\n\n<p>El aprehendido permanece alojado en sede policial.&nbsp;<\/p>\n","protected":false},"excerpt":{"rendered":"<p>En la tarde de ayer, el personal policial alertado por conflicto familiar acude a barrio Fonavi 1 Calle Bozano al 350 donde proceden a la aprehensi\u00f3n de un joven de 24 a\u00f1os de edad, quien interior domicilio, agredi\u00f3 f\u00edsicamente a su progenitora, da\u00f1ando objetos, como as\u00ed amenaz\u00e1ndola de muerte con r\u00e9plica de arma de fuego [&hellip;]<\/p>\n","protected":false},"author":4,"featured_media":80098,"comment_status":"closed","ping_status":"closed","sticky":false,"template":"","format":"standard","meta":{"om_disable_all_campaigns":false,"_jetpack_memberships_contains_paid_content":false,"footnotes":""},"categories":[50,2,103],"tags":[197,696,33,19],"class_list":["post-106603","post","type-post","status-publish","format-standard","has-post-thumbnail","hentry","category-destacadas","category-locales","category-policiales-locales","tag-buenos-aires","tag-interes-general","tag-locales","tag-san-pedro"],"aioseo_notices":[],"gutentor_comment":0,"jetpack_featured_media_url":"https:\/\/eldiariodesanpedro.com.ar\/sitio\/wp-content\/uploads\/2020\/08\/la-comisaria-de-la-mujer___w9ngJVkEw_640x361__1.jpg","jetpack_shortlink":"https:\/\/wp.me\/p6RhLt-rJp","jetpack_sharing_enabled":true,"_links":{"self":[{"href":"https:\/\/eldiariodesanpedro.com.ar\/sitio\/wp-json\/wp\/v2\/posts\/106603","targetHints":{"allow":["GET"]}}],"collection":[{"href":"https:\/\/eldiariodesanpedro.com.ar\/sitio\/wp-json\/wp\/v2\/posts"}],"about":[{"href":"https:\/\/eldiariodesanpedro.com.ar\/sitio\/wp-json\/wp\/v2\/types\/post"}],"author":[{"embeddable":true,"href":"https:\/\/eldiariodesanpedro.com.ar\/sitio\/wp-json\/wp\/v2\/users\/4"}],"replies":[{"embeddable":true,"href":"https:\/\/eldiariodesanpedro.com.ar\/sitio\/wp-json\/wp\/v2\/comments?post=106603"}],"version-history":[{"count":2,"href":"https:\/\/eldiariodesanpedro.com.ar\/sitio\/wp-json\/wp\/v2\/posts\/106603\/revisions"}],"predecessor-version":[{"id":106606,"href":"https:\/\/eldiariodesanpedro.com.ar\/sitio\/wp-json\/wp\/v2\/posts\/106603\/revisions\/106606"}],"wp:featuredmedia":[{"embeddable":true,"href":"https:\/\/eldiariodesanpedro.com.ar\/sitio\/wp-json\/wp\/v2\/media\/80098"}],"wp:attachment":[{"href":"https:\/\/eldiariodesanpedro.com.ar\/sitio\/wp-json\/wp\/v2\/media?parent=106603"}],"wp:term":[{"taxonomy":"category","embeddable":true,"href":"https:\/\/eldiariodesanpedro.com.ar\/sitio\/wp-json\/wp\/v2\/categories?post=106603"},{"taxonomy":"post_tag","embeddable":true,"href":"https:\/\/eldiariodesanpedro.com.ar\/sitio\/wp-json\/wp\/v2\/tags?post=106603"}],"curies":[{"name":"wp","href":"https:\/\/api.w.org\/{rel}","templated":true}]}}