{"id":106594,"date":"2022-05-03T10:17:08","date_gmt":"2022-05-03T13:17:08","guid":{"rendered":"https:\/\/eldiariodesanpedro.com.ar\/sitio\/?p=106594"},"modified":"2022-05-03T10:17:08","modified_gmt":"2022-05-03T13:17:08","slug":"arriba-un-buque-que-cargara-soja-para-trasladar-a-turquia%ef%bf%bc","status":"publish","type":"post","link":"https:\/\/eldiariodesanpedro.com.ar\/sitio\/arriba-un-buque-que-cargara-soja-para-trasladar-a-turquia%ef%bf%bc\/","title":{"rendered":"Arriba un buque que cargara soja para trasladar a Turqu\u00eda\ufffc"},"content":{"rendered":"<!-- VideographyWP Plugin Message: Automatic video embedding prevented by plugin options. -->\n\n<p>El Consorcio de Gestion del Puerto San Pedro anunci\u00f3 el arribo de un buque con procedencia de Turqu\u00eda y que cargar\u00e1 soja a granel con destino a Turqu\u00eda.<\/p>\n\n\n\n<p>BUQUE:\u00a0 <strong>FADELSIA<\/strong> <br>BANDERA: LIBERIA <br>ESLORA:\u00a0 179.95 M <br>PROCEDENCIA:\u00a0 TURQU\u00cdA <br>MUELLE: ELEVADOR <br>AMARRE ESTIMADO:\u00a0 03-05-22 \/ 12:00 HS <br>MERCADERIA:\u00a0 31.200 TONELADAS DE SOJA A GRANEL <br><strong>DESTINO: TURQUIA<\/strong><\/p>\n","protected":false},"excerpt":{"rendered":"<p>El Consorcio de Gestion del Puerto San Pedro anunci\u00f3 el arribo de un buque con procedencia de Turqu\u00eda y que cargar\u00e1 soja a granel con destino a Turqu\u00eda. BUQUE:\u00a0 FADELSIA BANDERA: LIBERIA ESLORA:\u00a0 179.95 M PROCEDENCIA:\u00a0 TURQU\u00cdA MUELLE: ELEVADOR AMARRE ESTIMADO:\u00a0 03-05-22 \/ 12:00 HS MERCADERIA:\u00a0 31.200 TONELADAS DE SOJA A GRANEL DESTINO: TURQUIA<\/p>\n","protected":false},"author":4,"featured_media":106595,"comment_status":"closed","ping_status":"closed","sticky":false,"template":"","format":"standard","meta":{"om_disable_all_campaigns":false,"_jetpack_memberships_contains_paid_content":false,"footnotes":""},"categories":[101,2],"tags":[197,696,33,19],"class_list":["post-106594","post","type-post","status-publish","format-standard","has-post-thumbnail","hentry","category-interes-general-locales","category-locales","tag-buenos-aires","tag-interes-general","tag-locales","tag-san-pedro"],"aioseo_notices":[],"gutentor_comment":0,"jetpack_featured_media_url":"https:\/\/eldiariodesanpedro.com.ar\/sitio\/wp-content\/uploads\/2022\/05\/1.jpg","jetpack_shortlink":"https:\/\/wp.me\/p6RhLt-rJg","jetpack_sharing_enabled":true,"_links":{"self":[{"href":"https:\/\/eldiariodesanpedro.com.ar\/sitio\/wp-json\/wp\/v2\/posts\/106594","targetHints":{"allow":["GET"]}}],"collection":[{"href":"https:\/\/eldiariodesanpedro.com.ar\/sitio\/wp-json\/wp\/v2\/posts"}],"about":[{"href":"https:\/\/eldiariodesanpedro.com.ar\/sitio\/wp-json\/wp\/v2\/types\/post"}],"author":[{"embeddable":true,"href":"https:\/\/eldiariodesanpedro.com.ar\/sitio\/wp-json\/wp\/v2\/users\/4"}],"replies":[{"embeddable":true,"href":"https:\/\/eldiariodesanpedro.com.ar\/sitio\/wp-json\/wp\/v2\/comments?post=106594"}],"version-history":[{"count":1,"href":"https:\/\/eldiariodesanpedro.com.ar\/sitio\/wp-json\/wp\/v2\/posts\/106594\/revisions"}],"predecessor-version":[{"id":106596,"href":"https:\/\/eldiariodesanpedro.com.ar\/sitio\/wp-json\/wp\/v2\/posts\/106594\/revisions\/106596"}],"wp:featuredmedia":[{"embeddable":true,"href":"https:\/\/eldiariodesanpedro.com.ar\/sitio\/wp-json\/wp\/v2\/media\/106595"}],"wp:attachment":[{"href":"https:\/\/eldiariodesanpedro.com.ar\/sitio\/wp-json\/wp\/v2\/media?parent=106594"}],"wp:term":[{"taxonomy":"category","embeddable":true,"href":"https:\/\/eldiariodesanpedro.com.ar\/sitio\/wp-json\/wp\/v2\/categories?post=106594"},{"taxonomy":"post_tag","embeddable":true,"href":"https:\/\/eldiariodesanpedro.com.ar\/sitio\/wp-json\/wp\/v2\/tags?post=106594"}],"curies":[{"name":"wp","href":"https:\/\/api.w.org\/{rel}","templated":true}]}}