{"id":106592,"date":"2022-05-03T10:07:29","date_gmt":"2022-05-03T13:07:29","guid":{"rendered":"https:\/\/eldiariodesanpedro.com.ar\/sitio\/?p=106592"},"modified":"2022-05-03T10:07:29","modified_gmt":"2022-05-03T13:07:29","slug":"anses-quienes-cobran-hoy-3-de-mayo-pensiones-no-contributivas","status":"publish","type":"post","link":"https:\/\/eldiariodesanpedro.com.ar\/sitio\/anses-quienes-cobran-hoy-3-de-mayo-pensiones-no-contributivas\/","title":{"rendered":"ANSES: qui\u00e9nes cobran hoy, 3 de mayo, Pensiones No Contributivas"},"content":{"rendered":"<!-- VideographyWP Plugin Message: Automatic video embedding prevented by plugin options. -->\n\n<p>Contin\u00faa el calendario de pagos de Anses correspondiente al mes de mayo. Mir\u00e1 qui\u00e9nes cobran este martes 3 de mayo.<\/p>\n\n\n\n<p>La\u00a0<strong>Administraci\u00f3n Nacional de la Seguridad Social (ANSES)\u00a0<\/strong>contin\u00faa su<strong>\u00a0calendario de pagos<\/strong>\u00a0correspondiente al mes de\u00a0<strong>mayo\u00a0de 2022<\/strong>. En el mismo, constan las fechas de cobro de jubilaciones,\u00a0<strong>pensiones,<\/strong>\u00a0Asignaci\u00f3n Universal por Hijo (AUH), Asignaci\u00f3n Universal por Embarazo, Asignaciones Familiares, Pensiones No Contributivas y Programa Desempleo 1, 2 y 3, entre otros beneficios del organismo previsional.<\/p>\n\n\n\n<h2 class=\"wp-block-heading\">\u00bfQui\u00e9nes cobran Anses este 3 de mayo?<\/h2>\n\n\n\n<p>Este d\u00eda h\u00e1bil de mayo contin\u00faan cobrando los beneficiarios y las beneficiarias de Pensiones No Contributivas. Se trata del pago del haber correspondiente al mes en curso.<\/p>\n\n\n\n<h2 class=\"wp-block-heading\">Pensiones no Contributivas (PNC) fechas de pago<\/h2>\n\n\n\n<p>ANSES inform\u00f3 que este mes los beneficiarios de la pensi\u00f3n por invalidez cobrar\u00e1n $22.841,28; las madres de siete hijos o m\u00e1s $32.630,40; los pensionados por vejez $22.841,28; los adultos mayores $26.104,32 y los beneficiarios de la pensi\u00f3n b\u00e1sica universal $14.926,92. Cabe se\u00f1alar que, adem\u00e1s del haber mensual, recibir\u00e1n un el bono de $12.000. A continuaci\u00f3n, el cronograma de pagos.<\/p>\n\n\n\n<ul class=\"wp-block-list\"><li>Documentos terminados en 0 y 1: lunes 2 de mayo.<\/li><li>Documentos terminados en 2 y 3: martes 3 de mayo.<\/li><li>Documentos terminados en 4 y 5: mi\u00e9rcoles 4 de mayo.<\/li><li>Documentos terminados en 6 y 7: jueves 5 de mayo.<\/li><li>Documentos terminados en 8 y 9: viernes 6 de mayo.<\/li><\/ul>\n\n\n\n<p>La Administraci\u00f3n Nacional de la Seguridad Social (Anses) record\u00f3 que si bien no tienen que solicitar turno para cobrar este beneficio, deben acercarse a la entidad bancaria \u00fanicamente en la fecha asignada.<\/p>\n\n\n\n<p>El resto de las prestaciones comenzar\u00e1 su calendario de pagos en los pr\u00f3ximos d\u00edas.<\/p>\n\n\n\n<p><a href=\"https:\/\/media.infocielo.com\/p\/665b572fac7bc23a2792b98e2a2c1016\/adjuntos\/299\/imagenes\/001\/385\/0001385480\/887x0\/smart\/anses-programa-acercarjpg.jpg\"><\/a><\/p>\n","protected":false},"excerpt":{"rendered":"<p>Contin\u00faa el calendario de pagos de Anses correspondiente al mes de mayo. Mir\u00e1 qui\u00e9nes cobran este martes 3 de mayo. La\u00a0Administraci\u00f3n Nacional de la Seguridad Social (ANSES)\u00a0contin\u00faa su\u00a0calendario de pagos\u00a0correspondiente al mes de\u00a0mayo\u00a0de 2022. En el mismo, constan las fechas de cobro de jubilaciones,\u00a0pensiones,\u00a0Asignaci\u00f3n Universal por Hijo (AUH), Asignaci\u00f3n Universal por Embarazo, Asignaciones Familiares, Pensiones [&hellip;]<\/p>\n","protected":false},"author":4,"featured_media":89081,"comment_status":"closed","ping_status":"closed","sticky":false,"template":"","format":"standard","meta":{"om_disable_all_campaigns":false,"_jetpack_memberships_contains_paid_content":false,"footnotes":""},"categories":[101,2],"tags":[197,696,33,19],"class_list":["post-106592","post","type-post","status-publish","format-standard","has-post-thumbnail","hentry","category-interes-general-locales","category-locales","tag-buenos-aires","tag-interes-general","tag-locales","tag-san-pedro"],"aioseo_notices":[],"gutentor_comment":0,"jetpack_featured_media_url":"https:\/\/eldiariodesanpedro.com.ar\/sitio\/wp-content\/uploads\/2021\/03\/anses-1.jpg","jetpack_shortlink":"https:\/\/wp.me\/p6RhLt-rJe","jetpack_sharing_enabled":true,"_links":{"self":[{"href":"https:\/\/eldiariodesanpedro.com.ar\/sitio\/wp-json\/wp\/v2\/posts\/106592","targetHints":{"allow":["GET"]}}],"collection":[{"href":"https:\/\/eldiariodesanpedro.com.ar\/sitio\/wp-json\/wp\/v2\/posts"}],"about":[{"href":"https:\/\/eldiariodesanpedro.com.ar\/sitio\/wp-json\/wp\/v2\/types\/post"}],"author":[{"embeddable":true,"href":"https:\/\/eldiariodesanpedro.com.ar\/sitio\/wp-json\/wp\/v2\/users\/4"}],"replies":[{"embeddable":true,"href":"https:\/\/eldiariodesanpedro.com.ar\/sitio\/wp-json\/wp\/v2\/comments?post=106592"}],"version-history":[{"count":1,"href":"https:\/\/eldiariodesanpedro.com.ar\/sitio\/wp-json\/wp\/v2\/posts\/106592\/revisions"}],"predecessor-version":[{"id":106593,"href":"https:\/\/eldiariodesanpedro.com.ar\/sitio\/wp-json\/wp\/v2\/posts\/106592\/revisions\/106593"}],"wp:featuredmedia":[{"embeddable":true,"href":"https:\/\/eldiariodesanpedro.com.ar\/sitio\/wp-json\/wp\/v2\/media\/89081"}],"wp:attachment":[{"href":"https:\/\/eldiariodesanpedro.com.ar\/sitio\/wp-json\/wp\/v2\/media?parent=106592"}],"wp:term":[{"taxonomy":"category","embeddable":true,"href":"https:\/\/eldiariodesanpedro.com.ar\/sitio\/wp-json\/wp\/v2\/categories?post=106592"},{"taxonomy":"post_tag","embeddable":true,"href":"https:\/\/eldiariodesanpedro.com.ar\/sitio\/wp-json\/wp\/v2\/tags?post=106592"}],"curies":[{"name":"wp","href":"https:\/\/api.w.org\/{rel}","templated":true}]}}