{"id":106588,"date":"2022-05-02T13:20:28","date_gmt":"2022-05-02T16:20:28","guid":{"rendered":"https:\/\/eldiariodesanpedro.com.ar\/sitio\/?p=106588"},"modified":"2022-05-02T13:20:28","modified_gmt":"2022-05-02T16:20:28","slug":"cittadini-campeon-olimpico-estoy-sin-entrenar-y-mas-cerca-de-dejar-la-nautica","status":"publish","type":"post","link":"https:\/\/eldiariodesanpedro.com.ar\/sitio\/cittadini-campeon-olimpico-estoy-sin-entrenar-y-mas-cerca-de-dejar-la-nautica\/","title":{"rendered":"Cittadini, campe\u00f3n ol\u00edmpico: \u00abEstoy sin entrenar y m\u00e1s cerca de dejar la n\u00e1utica\u00bb"},"content":{"rendered":"<!-- VideographyWP Plugin Message: Automatic video embedding prevented by plugin options. -->\n\n<p>\u00abCada d\u00eda que me levanto este tema me est\u00e1 agotando m\u00e1s\u00bb, se\u00f1al\u00f3 el regatista bonaerense tras contar que tuvieron que alquilar un barco para participar en el trofeo Princesa Sof\u00eda porque desde la FAY les ponen \u00abtodo el d\u00eda trabas y obst\u00e1culos\u00bb.<\/p>\n\n\n\n<p>El regatista bonaerense Dante Cittadini, ganador de la medalla de oro junto con Teresa Romairone en los Juegos Ol\u00edmpicos de la Juventud 2018 en la clase Nacra 15 de vela, estudia dejar la actividad debido a la falta de apoyo de la Federaci\u00f3n Argentina de Yachting (FAY), a la que critic\u00f3 porque&nbsp;<strong>tuvo que alquilar un barco para competir&nbsp;<\/strong>en el trofeo Princesa Sof\u00eda, de Palma de Mallorca, Espa\u00f1a, a comienzos de abril.<\/p>\n\n\n\n<p>\u00abEstoy sin entrenar, sin ning\u00fan campeonato por adelante y m\u00e1s del lado de dejar la n\u00e1utica y dedicarme a otra cosa porque desde la FAY nos ponen todo el d\u00eda trabas y obst\u00e1culos y as\u00ed es imposible llegar a los que so\u00f1amos y esperamos\u00bb,&nbsp;<strong>admiti\u00f3 Cittadini en declaraciones a T\u00e9lam<\/strong>&nbsp;desde Sicilia, Italia.<\/p>\n\n\n\n<p>\u00abCada d\u00eda que me levanto este tema me est\u00e1 agotando m\u00e1s. La verdad es que estamos viendo como seguimos y si seguimos. Tengo much\u00edsimas ganas de seguir y cumplir mi sue\u00f1o que es clasificar a los Juegos Ol\u00edmpicos, lo quiero hacer realidad, pero con todas estas trabas que me ponen en el camino es pr\u00e1cticamente imposible\u00bb, puntualiz\u00f3.<\/p>\n\n\n\n<p><strong>Cittadini y Romairone ganaron la medalla de oro<\/strong>&nbsp;en los Juegos Ol\u00edmpicos de la Juventud de Argentina 2018 luego de trece regatas; los franceses Titouan Petard-Kenza Coutard obtuvieron la presea de plata y los neerlandeses Laila van der Meer-Bjarne Bouwer la de bronce.<\/p>\n\n\n\n<p>Cittadini, de 20 a\u00f1os y oriundo de San Pedro, provincia de Buenos Aires, cont\u00f3 que en diciembre pasado mantuvo una reuni\u00f3n con el presidente de la FAY, Luis Velasco, y otros dirigentes de la entidad para presentar un proyecto de cara a los Juegos Ol\u00edmpicos de Par\u00eds 2024.<\/p>\n\n\n\n<p>\u00abLo hicimos el 26 de diciembre y hasta febrero, dos semanas antes de que viajemos a Espa\u00f1a, segu\u00edamos sin respuestas. Ah\u00ed nos encontramos con que no \u00edbamos a tener barco para competir este a\u00f1o. B\u00e1sicamente nos prohibieron mandar el barco que tenemos en Argentina a Europa, que es con el que entrenamos estos dos a\u00f1os y con el quer\u00edamos para medirnos con los otros equipos\u00bb, explic\u00f3.<\/p>\n\n\n\n<p><strong>Y ampli\u00f3:&nbsp;<\/strong>\u00abSi quer\u00e9s avanzar o hacer una campa\u00f1a ol\u00edmpica ten\u00e9s que estar en Europa porque en Argentina es muy dif\u00edcil navegando solo\u00bb, dijo.<\/p>\n\n\n\n<p>\u00abDijeron que ese barco se quedaba en el pa\u00eds, que iba a ser guardado para nuestros entrenamientos en Argentina y que se iba a ver si se lo llevaba a los Juegos Panamericanos. A dos semanas del comienzo del Princesa Sof\u00eda nos encontramos sin barco. Se nos vino todo abajo y fue algo bastante dif\u00edcil\u00bb, precis\u00f3.<\/p>\n\n\n\n<p><strong>Cittadini admiti\u00f3:<\/strong>&nbsp;\u00abLa verdad es que me sent\u00ed muy ahogado despu\u00e9s de la reuni\u00f3n con la Federaci\u00f3n. Sent\u00ed, b\u00e1sicamente, que no contamos con la Federaci\u00f3n que nos representa a nosotros, los navegantes\u00bb.<\/p>\n\n\n\n<p>El bonaerense,&nbsp;<strong>becado por el Ente Nacional de Alto Rendimiento Deportivo&nbsp;<\/strong>(Enard), relat\u00f3 que \u00abla FAY tiene tres barcos Nacra en Europa. Uno est\u00e1 designado a Santiago Lange y Victoria Travascio; otro a Mateo Majdalani y Eugenia Bosco y hay otro que est\u00e1 guardado en un galp\u00f3n en Valencia, que no est\u00e1 usado por nadie y pens\u00e1bamos que iba a ser para nosotros\u00bb.<\/p>\n\n\n\n<p>\u00abPens\u00e9 que como hay tres barcos iban a estar designados para cada tripulaci\u00f3n e impulsar a Argentina y al Nacra en los tres barcos por igual, pero no fue as\u00ed\u00bb, acot\u00f3.<\/p>\n\n\n\n<p>Cittadini y Romairone&nbsp;<strong>alquilaron un barco y participaron en el trofeo Princesa Sof\u00eda<\/strong>, de Palma de Mallorca, Espa\u00f1a, a comienzos de abril en el que terminaron 27mos con 273 unidades.<\/p>\n\n\n\n<p>En el torneo y en la misma clase, la dupla integrada por Santiago Lange, triple medallista ol\u00edmpico en vela, y Victoria Travascio, en su primera competencia oficial en la clase Nacra 17, finaliz\u00f3 en el 15to puesto, y el binomio conformado por Mateo Majdalani y Eugenia Bosco -ganador de la medalla de plata en los Juegos Panamericanos de Lima, Per\u00fa, 2019- finaliz\u00f3 und\u00e9cimo.<\/p>\n\n\n\n<p>\u00abEn la competencia, en cuatro d\u00edas de regatas, sufrimos roturas en el barco en dos y no corrimos dos pruebas y en cinco o seis lo hicimos con el barco roto. No pod\u00edamos hacer bien las maniobras. Lo que pas\u00f3 en Mallorca fue muy delicado y complejo y obviamente no la pasamos bien., reconoci\u00f3.<\/p>\n\n\n\n<p>\u00abFue una experiencia nueva; nuestro primer gran campeonato con una gran flota y con mayores. En Palma hubo cuarenta barcos, todos los regatistas que estuvieron en los Juegos Ol\u00edmpicos de Tokio. M\u00e1s all\u00e1 del resultado, fue un gran campeonato para sumar experiencia y sirvi\u00f3 para ver qu\u00e9 cosas deb\u00edamos trabajar\u00bb, detall\u00f3.<\/p>\n\n\n\n<h2 class=\"wp-block-heading\">Su trayectoria<\/h2>\n\n\n\n<p>Cittadini comenz\u00f3 a navegar a los cinco a\u00f1os en la clase Optimist, en la que se consagr\u00f3 campe\u00f3n sub 12 y subcampe\u00f3n por equipos en Brasil 2013; gan\u00f3 la medalla de oro en el Sudamericano de Punta del Este, Uruguay, 2014 (individual) y la presea de bronce (individual) en el de Paracas, Per\u00fa 2015, donde fue campe\u00f3n por equipos.<\/p>\n\n\n\n<p>En la clase Nacra 15,&nbsp;<strong>logr\u00f3 el cuarto puesto en el Mundial<\/strong>&nbsp;de Barcelona, Espa\u00f1a, 2018; el primer puesto en la Dutch Youth Regatta, de Workum, Holanda (2018); fue campe\u00f3n Europeo en Italia 2018 y en el Youth World Sailing Championship, Corpus Christi, Estados Unidos del mismo a\u00f1o.<\/p>\n\n\n\n<p><strong>En otro tramo del di\u00e1logo con T\u00e9lam<\/strong>, Citaddini, quien representa al Club N\u00e1utico San Pedro (CNSP) y al Yacht Club Argentino (YCA), expres\u00f3: \u00absiento que la FAY no quiere que siga y va a ser muy dif\u00edcil que lo haga en estas condiciones\u00bb.<\/p>\n\n\n\n<p>\u00abObviamente quiero seguir pero no voy a correr otro campeonato alquilando un barco\u00bb.<\/p>\n\n\n\n<p>Tengo ilusi\u00f3n y fe que todo esto se acomode y ver si hay oportunidades de incorporarnos a la flota de Nacra 17 de vuelta pero hoy en d\u00eda no tengo respuestas\u00bb.<\/p>\n\n\n\n<p>\u00abHoy mismo estoy m\u00e1s lado de que en poco tiempo me voy a decidir si sigo o no. Creo que con todas estas cosas lo m\u00e1s probable es que me baje. Si bien tengo veinte a\u00f1os, tengo bastante trayectoria. No puedo esperar un a\u00f1o para decidan en darme lo que tiene la Fay. Eso no lo comparto. Sent\u00ed que la FAY me estaba soltando la mano y me la sigue soltando\u00bb, asever\u00f3.<\/p>\n\n\n\n<p>\u00abTengo mucha gente conocida de la n\u00e1utica que opina igual que yo, que quisiera decir cosas sobre la Federaci\u00f3n, que por ah\u00ed tienen miedo del que dir\u00e1n, sobre la mala distribuci\u00f3n que hay, la injusticia adentro, el cortocircuito entre dirigentes de la propia FAY, que no generan soluciones. \u00bfC\u00f3mo no hay un inventario de lo que tiene la Federaci\u00f3n? Lo pido hace semanas y ni encuentro respuestas ni me lo mandan. Es totalmente una locura\u00bb, finaliz\u00f3.<\/p>\n\n\n\n<p>Fuente: TELAM<\/p>\n\n\n\n<p><\/p>\n","protected":false},"excerpt":{"rendered":"<p>\u00abCada d\u00eda que me levanto este tema me est\u00e1 agotando m\u00e1s\u00bb, se\u00f1al\u00f3 el regatista bonaerense tras contar que tuvieron que alquilar un barco para participar en el trofeo Princesa Sof\u00eda porque desde la FAY les ponen \u00abtodo el d\u00eda trabas y obst\u00e1culos\u00bb. El regatista bonaerense Dante Cittadini, ganador de la medalla de oro junto con [&hellip;]<\/p>\n","protected":false},"author":4,"featured_media":106589,"comment_status":"closed","ping_status":"closed","sticky":false,"template":"","format":"standard","meta":{"om_disable_all_campaigns":false,"_jetpack_memberships_contains_paid_content":false,"footnotes":""},"categories":[50,101,2],"tags":[],"class_list":["post-106588","post","type-post","status-publish","format-standard","has-post-thumbnail","hentry","category-destacadas","category-interes-general-locales","category-locales"],"aioseo_notices":[],"gutentor_comment":0,"jetpack_featured_media_url":"https:\/\/eldiariodesanpedro.com.ar\/sitio\/wp-content\/uploads\/2022\/05\/0000020856-resized-1920x1080-1.jpg","jetpack_shortlink":"https:\/\/wp.me\/p6RhLt-rJa","jetpack_sharing_enabled":true,"_links":{"self":[{"href":"https:\/\/eldiariodesanpedro.com.ar\/sitio\/wp-json\/wp\/v2\/posts\/106588","targetHints":{"allow":["GET"]}}],"collection":[{"href":"https:\/\/eldiariodesanpedro.com.ar\/sitio\/wp-json\/wp\/v2\/posts"}],"about":[{"href":"https:\/\/eldiariodesanpedro.com.ar\/sitio\/wp-json\/wp\/v2\/types\/post"}],"author":[{"embeddable":true,"href":"https:\/\/eldiariodesanpedro.com.ar\/sitio\/wp-json\/wp\/v2\/users\/4"}],"replies":[{"embeddable":true,"href":"https:\/\/eldiariodesanpedro.com.ar\/sitio\/wp-json\/wp\/v2\/comments?post=106588"}],"version-history":[{"count":1,"href":"https:\/\/eldiariodesanpedro.com.ar\/sitio\/wp-json\/wp\/v2\/posts\/106588\/revisions"}],"predecessor-version":[{"id":106590,"href":"https:\/\/eldiariodesanpedro.com.ar\/sitio\/wp-json\/wp\/v2\/posts\/106588\/revisions\/106590"}],"wp:featuredmedia":[{"embeddable":true,"href":"https:\/\/eldiariodesanpedro.com.ar\/sitio\/wp-json\/wp\/v2\/media\/106589"}],"wp:attachment":[{"href":"https:\/\/eldiariodesanpedro.com.ar\/sitio\/wp-json\/wp\/v2\/media?parent=106588"}],"wp:term":[{"taxonomy":"category","embeddable":true,"href":"https:\/\/eldiariodesanpedro.com.ar\/sitio\/wp-json\/wp\/v2\/categories?post=106588"},{"taxonomy":"post_tag","embeddable":true,"href":"https:\/\/eldiariodesanpedro.com.ar\/sitio\/wp-json\/wp\/v2\/tags?post=106588"}],"curies":[{"name":"wp","href":"https:\/\/api.w.org\/{rel}","templated":true}]}}