{"id":106584,"date":"2022-05-02T11:49:23","date_gmt":"2022-05-02T14:49:23","guid":{"rendered":"https:\/\/eldiariodesanpedro.com.ar\/sitio\/?p=106584"},"modified":"2022-05-02T11:49:24","modified_gmt":"2022-05-02T14:49:24","slug":"reunion-con-obras-publicas-y-encuesta-sobre-alquileres","status":"publish","type":"post","link":"https:\/\/eldiariodesanpedro.com.ar\/sitio\/reunion-con-obras-publicas-y-encuesta-sobre-alquileres\/","title":{"rendered":"Reuni\u00f3n con Obras P\u00fablicas y encuesta sobre alquileres"},"content":{"rendered":"<!-- VideographyWP Plugin Message: Automatic video embedding prevented by plugin options. -->\n\n<p>En las oficinas de la Secretar\u00eda de Obras P\u00fablicas se concret\u00f3 la semana pasada, la primera reuni\u00f3n de trabajo entre representantes de la C\u00e1mara Inmobiliaria y funcionarios del \u00e1rea municipal. El encuentro fue coordinado por el Secretario de Coordinaci\u00f3n Hern\u00e1n Contreras, destacando la importancia de avanzar con lo charlado con la reuni\u00f3n con el Intendente.<\/p>\n\n\n\n<p>Participaron el Secretario de Obras P\u00fablicas Planeamiento y Catastro Dr. Javier Silva, el Secretario de Servicios P\u00fablicos Ariel \u00c1lvarez, el Arquitecto Adolfo Benincasa y Jorge Ponzio. En representaci\u00f3n de la C\u00e1mara asistieron Marta Hidalgo, Sandra Gerard, Florencio Yabas, Ariel Cacho y Daniel Churruar\u00edn.<\/p>\n\n\n\n<p>Como tema prioritario, entre varios sobre los que ya se ha conversado con los funcionarios, se analizaron alternativas para concretar el suministro de agua potable en loteos que ya est\u00e1n en condiciones de salir al mercado en zonas del camino a Vuelta de Obligado y Villa Jard\u00edn.<\/p>\n\n\n\n<p>Los funcionarios informaron que se han comenzado a analizar posibles obras de corto y mediano plazo para las cuales desde la c\u00e1mara se ofreci\u00f3 todo el acompa\u00f1amiento. Uno de los sistemas a considerar es el de c\u00e9lulas aut\u00f3nomas e interconectadas con un mecanismo que tambi\u00e9n podr\u00eda implementarse en el futuro para la red cloacal, considerando las urbanizaciones que se proyecta para la regi\u00f3n.<\/p>\n\n\n\n<figure class=\"wp-block-image size-full\"><img decoding=\"async\" width=\"630\" height=\"630\" data-attachment-id=\"106585\" data-permalink=\"https:\/\/eldiariodesanpedro.com.ar\/sitio\/reunion-con-obras-publicas-y-encuesta-sobre-alquileres\/encuesta\/\" data-orig-file=\"https:\/\/eldiariodesanpedro.com.ar\/sitio\/wp-content\/uploads\/2022\/05\/ENCUESTA.jpeg\" data-orig-size=\"630,630\" data-comments-opened=\"0\" data-image-meta=\"{&quot;aperture&quot;:&quot;0&quot;,&quot;credit&quot;:&quot;&quot;,&quot;camera&quot;:&quot;&quot;,&quot;caption&quot;:&quot;&quot;,&quot;created_timestamp&quot;:&quot;0&quot;,&quot;copyright&quot;:&quot;&quot;,&quot;focal_length&quot;:&quot;0&quot;,&quot;iso&quot;:&quot;0&quot;,&quot;shutter_speed&quot;:&quot;0&quot;,&quot;title&quot;:&quot;&quot;,&quot;orientation&quot;:&quot;0&quot;}\" data-image-title=\"ENCUESTA\" data-image-description=\"\" data-image-caption=\"\" data-large-file=\"https:\/\/eldiariodesanpedro.com.ar\/sitio\/wp-content\/uploads\/2022\/05\/ENCUESTA.jpeg\" data-src=\"https:\/\/eldiariodesanpedro.com.ar\/sitio\/wp-content\/uploads\/2022\/05\/ENCUESTA.jpeg\" alt=\"\" class=\"wp-image-106585 lazyload\" data-srcset=\"https:\/\/eldiariodesanpedro.com.ar\/sitio\/wp-content\/uploads\/2022\/05\/ENCUESTA.jpeg 630w, https:\/\/eldiariodesanpedro.com.ar\/sitio\/wp-content\/uploads\/2022\/05\/ENCUESTA-300x300.jpeg 300w, https:\/\/eldiariodesanpedro.com.ar\/sitio\/wp-content\/uploads\/2022\/05\/ENCUESTA-150x150.jpeg 150w\" data-sizes=\"(max-width: 630px) 100vw, 630px\" src=\"data:image\/svg+xml;base64,PHN2ZyB3aWR0aD0iMSIgaGVpZ2h0PSIxIiB4bWxucz0iaHR0cDovL3d3dy53My5vcmcvMjAwMC9zdmciPjwvc3ZnPg==\" style=\"--smush-placeholder-width: 630px; --smush-placeholder-aspect-ratio: 630\/630;\" \/><\/figure>\n","protected":false},"excerpt":{"rendered":"<p>En las oficinas de la Secretar\u00eda de Obras P\u00fablicas se concret\u00f3 la semana pasada, la primera reuni\u00f3n de trabajo entre representantes de la C\u00e1mara Inmobiliaria y funcionarios del \u00e1rea municipal. El encuentro fue coordinado por el Secretario de Coordinaci\u00f3n Hern\u00e1n Contreras, destacando la importancia de avanzar con lo charlado con la reuni\u00f3n con el Intendente. [&hellip;]<\/p>\n","protected":false},"author":4,"featured_media":106586,"comment_status":"closed","ping_status":"closed","sticky":false,"template":"","format":"standard","meta":{"om_disable_all_campaigns":false,"_jetpack_memberships_contains_paid_content":false,"footnotes":""},"categories":[50,101,2],"tags":[197,696,33,19],"class_list":["post-106584","post","type-post","status-publish","format-standard","has-post-thumbnail","hentry","category-destacadas","category-interes-general-locales","category-locales","tag-buenos-aires","tag-interes-general","tag-locales","tag-san-pedro"],"aioseo_notices":[],"gutentor_comment":0,"jetpack_featured_media_url":"https:\/\/eldiariodesanpedro.com.ar\/sitio\/wp-content\/uploads\/2022\/05\/REUNION-OBRAS-3.jpeg","jetpack_shortlink":"https:\/\/wp.me\/p6RhLt-rJ6","jetpack_sharing_enabled":true,"_links":{"self":[{"href":"https:\/\/eldiariodesanpedro.com.ar\/sitio\/wp-json\/wp\/v2\/posts\/106584","targetHints":{"allow":["GET"]}}],"collection":[{"href":"https:\/\/eldiariodesanpedro.com.ar\/sitio\/wp-json\/wp\/v2\/posts"}],"about":[{"href":"https:\/\/eldiariodesanpedro.com.ar\/sitio\/wp-json\/wp\/v2\/types\/post"}],"author":[{"embeddable":true,"href":"https:\/\/eldiariodesanpedro.com.ar\/sitio\/wp-json\/wp\/v2\/users\/4"}],"replies":[{"embeddable":true,"href":"https:\/\/eldiariodesanpedro.com.ar\/sitio\/wp-json\/wp\/v2\/comments?post=106584"}],"version-history":[{"count":1,"href":"https:\/\/eldiariodesanpedro.com.ar\/sitio\/wp-json\/wp\/v2\/posts\/106584\/revisions"}],"predecessor-version":[{"id":106587,"href":"https:\/\/eldiariodesanpedro.com.ar\/sitio\/wp-json\/wp\/v2\/posts\/106584\/revisions\/106587"}],"wp:featuredmedia":[{"embeddable":true,"href":"https:\/\/eldiariodesanpedro.com.ar\/sitio\/wp-json\/wp\/v2\/media\/106586"}],"wp:attachment":[{"href":"https:\/\/eldiariodesanpedro.com.ar\/sitio\/wp-json\/wp\/v2\/media?parent=106584"}],"wp:term":[{"taxonomy":"category","embeddable":true,"href":"https:\/\/eldiariodesanpedro.com.ar\/sitio\/wp-json\/wp\/v2\/categories?post=106584"},{"taxonomy":"post_tag","embeddable":true,"href":"https:\/\/eldiariodesanpedro.com.ar\/sitio\/wp-json\/wp\/v2\/tags?post=106584"}],"curies":[{"name":"wp","href":"https:\/\/api.w.org\/{rel}","templated":true}]}}