{"id":106579,"date":"2022-05-02T10:56:10","date_gmt":"2022-05-02T13:56:10","guid":{"rendered":"https:\/\/eldiariodesanpedro.com.ar\/sitio\/?p=106579"},"modified":"2022-05-02T10:56:11","modified_gmt":"2022-05-02T13:56:11","slug":"un-automovil-volco-en-la-ruta-191-y-es-el-segundo-accidente-en-el-fin-de-semana","status":"publish","type":"post","link":"https:\/\/eldiariodesanpedro.com.ar\/sitio\/un-automovil-volco-en-la-ruta-191-y-es-el-segundo-accidente-en-el-fin-de-semana\/","title":{"rendered":"Un autom\u00f3vil volc\u00f3 en la ruta 191 y es el segundo accidente en el fin de semana"},"content":{"rendered":"<!-- VideographyWP Plugin Message: Automatic video embedding prevented by plugin options. -->\n\n<p>Sucedi\u00f3 en la noche del domingo, alrededor de las 23 horas en cercan\u00edas de \u00abla curva de la muerte\u00bb. El veh\u00edculo impact\u00f3 contra una columna y volc\u00f3. En el auto viajaba una familia oriunda de San Nicol\u00e1s. El conductor result\u00f3 herido y fue trasladado a la guardia del Hospital.<\/p>\n\n\n\n<p>Un auto VW Fox verde que circulaba en sentido a la Ruta 9 protagoniz\u00f3 un violento accidente de tr\u00e1nsito a la altura del kil\u00f3metro 8,5 de la Ruta Provincial N\u00b0 191. Sucedi\u00f3 cerca de las 23 horas en inmediaciones del sector conocido como \u00abla curva de la muerte\u00bb en jurisdicci\u00f3n de San Pedro.<\/p>\n\n\n\n<p>En el auto viajaba una familia oriunda de San Nicol\u00e1s y por cuestiones que se desconocen primero impact\u00f3 contra una columna de hormig\u00f3n y luego volc\u00f3 quedando en posici\u00f3n invertida y en el medio de la ruta. Adem\u00e1s, debido a la violencia del impacto la columna se parti\u00f3 en dos tramos y el motor del auto sali\u00f3 despedido y qued\u00f3 a unos 20 metros del lugar.<\/p>\n\n\n\n<p>Los ocupantes, un matrimonio y su peque\u00f1o hijo, fueron auxiliados por una dotaci\u00f3n del cuerpo de Bomberos Voluntarios de San Pedro. Mientras que una ambulancia del Same traslad\u00f3 al hombre hasta la guardia del Hospital para que sea asistido debido a las lesiones sufridas.<\/p>\n\n\n\n<figure class=\"wp-block-image size-full\"><img decoding=\"async\" width=\"720\" height=\"467\" data-attachment-id=\"106581\" data-permalink=\"https:\/\/eldiariodesanpedro.com.ar\/sitio\/un-automovil-volco-en-la-ruta-191-y-es-el-segundo-accidente-en-el-fin-de-semana\/descarga-87\/\" data-orig-file=\"https:\/\/eldiariodesanpedro.com.ar\/sitio\/wp-content\/uploads\/2022\/05\/descarga.jpg\" data-orig-size=\"720,467\" data-comments-opened=\"0\" data-image-meta=\"{&quot;aperture&quot;:&quot;0&quot;,&quot;credit&quot;:&quot;&quot;,&quot;camera&quot;:&quot;&quot;,&quot;caption&quot;:&quot;&quot;,&quot;created_timestamp&quot;:&quot;0&quot;,&quot;copyright&quot;:&quot;&quot;,&quot;focal_length&quot;:&quot;0&quot;,&quot;iso&quot;:&quot;0&quot;,&quot;shutter_speed&quot;:&quot;0&quot;,&quot;title&quot;:&quot;&quot;,&quot;orientation&quot;:&quot;0&quot;}\" data-image-title=\"descarga\" data-image-description=\"\" data-image-caption=\"\" data-large-file=\"https:\/\/eldiariodesanpedro.com.ar\/sitio\/wp-content\/uploads\/2022\/05\/descarga.jpg\" data-src=\"https:\/\/eldiariodesanpedro.com.ar\/sitio\/wp-content\/uploads\/2022\/05\/descarga.jpg\" alt=\"\" class=\"wp-image-106581 lazyload\" data-srcset=\"https:\/\/eldiariodesanpedro.com.ar\/sitio\/wp-content\/uploads\/2022\/05\/descarga.jpg 720w, https:\/\/eldiariodesanpedro.com.ar\/sitio\/wp-content\/uploads\/2022\/05\/descarga-300x195.jpg 300w\" data-sizes=\"(max-width: 720px) 100vw, 720px\" src=\"data:image\/svg+xml;base64,PHN2ZyB3aWR0aD0iMSIgaGVpZ2h0PSIxIiB4bWxucz0iaHR0cDovL3d3dy53My5vcmcvMjAwMC9zdmciPjwvc3ZnPg==\" style=\"--smush-placeholder-width: 720px; --smush-placeholder-aspect-ratio: 720\/467;\" \/><\/figure>\n","protected":false},"excerpt":{"rendered":"<p>Sucedi\u00f3 en la noche del domingo, alrededor de las 23 horas en cercan\u00edas de \u00abla curva de la muerte\u00bb. El veh\u00edculo impact\u00f3 contra una columna y volc\u00f3. En el auto viajaba una familia oriunda de San Nicol\u00e1s. El conductor result\u00f3 herido y fue trasladado a la guardia del Hospital. Un auto VW Fox verde que [&hellip;]<\/p>\n","protected":false},"author":4,"featured_media":106580,"comment_status":"closed","ping_status":"closed","sticky":false,"template":"","format":"standard","meta":{"om_disable_all_campaigns":false,"_jetpack_memberships_contains_paid_content":false,"footnotes":""},"categories":[50,2,103],"tags":[197,33,95,19],"class_list":["post-106579","post","type-post","status-publish","format-standard","has-post-thumbnail","hentry","category-destacadas","category-locales","category-policiales-locales","tag-buenos-aires","tag-locales","tag-policiales","tag-san-pedro"],"aioseo_notices":[],"gutentor_comment":0,"jetpack_featured_media_url":"https:\/\/eldiariodesanpedro.com.ar\/sitio\/wp-content\/uploads\/2022\/05\/0000020854-resized-1920x1080-1.jpg","jetpack_shortlink":"https:\/\/wp.me\/p6RhLt-rJ1","jetpack_sharing_enabled":true,"_links":{"self":[{"href":"https:\/\/eldiariodesanpedro.com.ar\/sitio\/wp-json\/wp\/v2\/posts\/106579","targetHints":{"allow":["GET"]}}],"collection":[{"href":"https:\/\/eldiariodesanpedro.com.ar\/sitio\/wp-json\/wp\/v2\/posts"}],"about":[{"href":"https:\/\/eldiariodesanpedro.com.ar\/sitio\/wp-json\/wp\/v2\/types\/post"}],"author":[{"embeddable":true,"href":"https:\/\/eldiariodesanpedro.com.ar\/sitio\/wp-json\/wp\/v2\/users\/4"}],"replies":[{"embeddable":true,"href":"https:\/\/eldiariodesanpedro.com.ar\/sitio\/wp-json\/wp\/v2\/comments?post=106579"}],"version-history":[{"count":1,"href":"https:\/\/eldiariodesanpedro.com.ar\/sitio\/wp-json\/wp\/v2\/posts\/106579\/revisions"}],"predecessor-version":[{"id":106582,"href":"https:\/\/eldiariodesanpedro.com.ar\/sitio\/wp-json\/wp\/v2\/posts\/106579\/revisions\/106582"}],"wp:featuredmedia":[{"embeddable":true,"href":"https:\/\/eldiariodesanpedro.com.ar\/sitio\/wp-json\/wp\/v2\/media\/106580"}],"wp:attachment":[{"href":"https:\/\/eldiariodesanpedro.com.ar\/sitio\/wp-json\/wp\/v2\/media?parent=106579"}],"wp:term":[{"taxonomy":"category","embeddable":true,"href":"https:\/\/eldiariodesanpedro.com.ar\/sitio\/wp-json\/wp\/v2\/categories?post=106579"},{"taxonomy":"post_tag","embeddable":true,"href":"https:\/\/eldiariodesanpedro.com.ar\/sitio\/wp-json\/wp\/v2\/tags?post=106579"}],"curies":[{"name":"wp","href":"https:\/\/api.w.org\/{rel}","templated":true}]}}