{"id":106576,"date":"2022-05-02T10:36:46","date_gmt":"2022-05-02T13:36:46","guid":{"rendered":"https:\/\/eldiariodesanpedro.com.ar\/sitio\/?p=106576"},"modified":"2022-05-02T10:36:47","modified_gmt":"2022-05-02T13:36:47","slug":"dr-sualdea-fue-mi-ultimo-dia-como-director-del-hospital","status":"publish","type":"post","link":"https:\/\/eldiariodesanpedro.com.ar\/sitio\/dr-sualdea-fue-mi-ultimo-dia-como-director-del-hospital\/","title":{"rendered":"Dr. Sualdea: \u00abFue mi \u00faltimo d\u00eda como director del hospital\u00bb"},"content":{"rendered":"<!-- VideographyWP Plugin Message: Automatic video embedding prevented by plugin options. -->\n\n<p>El funcionario anunci\u00f3 el viernes su salida de la jefatura del \u00abRuffa\u00bb despu\u00e9s de cuatro a\u00f1os de gesti\u00f3n. En el cargo asumir\u00e1 el Dr. Daniel Creus que deja su banca en el HCD para regresar al gabinete municipal.<\/p>\n\n\n\n<p>El Dr. Javier Sualdea dej\u00f3 su cargo de Director del Hospital. As\u00ed lo comunic\u00f3 el viernes en el aire de Urbano (FM G\u00e9nesis) luego de mantener una reuni\u00f3n con el Intendente Ram\u00f3n Salazar.<\/p>\n\n\n\n<p>Ser\u00e1 reemplazado por el ex Secretario de Salud Dr. Daniel Creus que dejar\u00e1 su banca en el Concejo Deliberante para hacerse cargo del nosocomio.<\/p>\n\n\n\n<p>\u00abHoy fue mi \u00faltimo d\u00eda como Director del Hospital\u00bb, confirm\u00f3 en la entrevista.<\/p>\n\n\n\n<p>\u00abTuve una reuni\u00f3n con el Intendente y hablamos del tema\u00bb.<\/p>\n\n\n\n<p>\u00abHace cuatro a\u00f1os que estoy como Director y entend\u00ed que ya hab\u00eda cumplido mi ciclo. Es un cargo muy exigente y no es f\u00e1cil, por eso creo que era el momento de dejar la direcci\u00f3n\u00bb, coment\u00f3.<\/p>\n\n\n\n<p>\u00abSalgo de vacaciones pero cuando vuelva ya no ser\u00e9 la autoridad m\u00e1xima del hospital\u00bb. \u00abIgual voy a seguir trabajando como medico orientador que es una nueva etapa que se inicia dentro del nosocomio\u00bb.<\/p>\n\n\n\n<p>\u00abSer\u00e1 una transici\u00f3n, no hable con Daniel (Creus) pero siempre hemos tenido una excelente relaci\u00f3n\u00bb, dijo en relaci\u00f3n al m\u00e9dico que asumir\u00e1 en su lugar.<\/p>\n\n\n\n<p>\u00abNo tengo m\u00e1s que palabras de agradecimiento tanto para Ramon Salazar como Cecilio Salazar, ellos confiaron en m\u00ed\u00bb.<\/p>\n","protected":false},"excerpt":{"rendered":"<p>El funcionario anunci\u00f3 el viernes su salida de la jefatura del \u00abRuffa\u00bb despu\u00e9s de cuatro a\u00f1os de gesti\u00f3n. En el cargo asumir\u00e1 el Dr. Daniel Creus que deja su banca en el HCD para regresar al gabinete municipal. El Dr. Javier Sualdea dej\u00f3 su cargo de Director del Hospital. As\u00ed lo comunic\u00f3 el viernes en [&hellip;]<\/p>\n","protected":false},"author":4,"featured_media":106577,"comment_status":"closed","ping_status":"closed","sticky":false,"template":"","format":"standard","meta":{"om_disable_all_campaigns":false,"_jetpack_memberships_contains_paid_content":false,"footnotes":""},"categories":[101,2],"tags":[197,696,33,19],"class_list":["post-106576","post","type-post","status-publish","format-standard","has-post-thumbnail","hentry","category-interes-general-locales","category-locales","tag-buenos-aires","tag-interes-general","tag-locales","tag-san-pedro"],"aioseo_notices":[],"gutentor_comment":0,"jetpack_featured_media_url":"https:\/\/eldiariodesanpedro.com.ar\/sitio\/wp-content\/uploads\/2022\/05\/0000020850-resized-1920x1080-1.jpg","jetpack_shortlink":"https:\/\/wp.me\/p6RhLt-rIY","jetpack_sharing_enabled":true,"_links":{"self":[{"href":"https:\/\/eldiariodesanpedro.com.ar\/sitio\/wp-json\/wp\/v2\/posts\/106576","targetHints":{"allow":["GET"]}}],"collection":[{"href":"https:\/\/eldiariodesanpedro.com.ar\/sitio\/wp-json\/wp\/v2\/posts"}],"about":[{"href":"https:\/\/eldiariodesanpedro.com.ar\/sitio\/wp-json\/wp\/v2\/types\/post"}],"author":[{"embeddable":true,"href":"https:\/\/eldiariodesanpedro.com.ar\/sitio\/wp-json\/wp\/v2\/users\/4"}],"replies":[{"embeddable":true,"href":"https:\/\/eldiariodesanpedro.com.ar\/sitio\/wp-json\/wp\/v2\/comments?post=106576"}],"version-history":[{"count":1,"href":"https:\/\/eldiariodesanpedro.com.ar\/sitio\/wp-json\/wp\/v2\/posts\/106576\/revisions"}],"predecessor-version":[{"id":106578,"href":"https:\/\/eldiariodesanpedro.com.ar\/sitio\/wp-json\/wp\/v2\/posts\/106576\/revisions\/106578"}],"wp:featuredmedia":[{"embeddable":true,"href":"https:\/\/eldiariodesanpedro.com.ar\/sitio\/wp-json\/wp\/v2\/media\/106577"}],"wp:attachment":[{"href":"https:\/\/eldiariodesanpedro.com.ar\/sitio\/wp-json\/wp\/v2\/media?parent=106576"}],"wp:term":[{"taxonomy":"category","embeddable":true,"href":"https:\/\/eldiariodesanpedro.com.ar\/sitio\/wp-json\/wp\/v2\/categories?post=106576"},{"taxonomy":"post_tag","embeddable":true,"href":"https:\/\/eldiariodesanpedro.com.ar\/sitio\/wp-json\/wp\/v2\/tags?post=106576"}],"curies":[{"name":"wp","href":"https:\/\/api.w.org\/{rel}","templated":true}]}}