{"id":106569,"date":"2022-05-02T10:26:35","date_gmt":"2022-05-02T13:26:35","guid":{"rendered":"https:\/\/eldiariodesanpedro.com.ar\/sitio\/?p=106569"},"modified":"2022-05-02T10:26:37","modified_gmt":"2022-05-02T13:26:37","slug":"el-grupo-conservacionista-presenta-un-audiovisual-donde-muestra-el-estado-actual-de-la-historica-bodega-sampedrina","status":"publish","type":"post","link":"https:\/\/eldiariodesanpedro.com.ar\/sitio\/el-grupo-conservacionista-presenta-un-audiovisual-donde-muestra-el-estado-actual-de-la-historica-bodega-sampedrina\/","title":{"rendered":"<strong>El Grupo Conservacionista presenta un audiovisual donde muestra el estado actual de la hist\u00f3rica bodega sampedrina<\/strong>"},"content":{"rendered":"<!-- VideographyWP Plugin Message: Automatic video embedding prevented by plugin options. -->\n\n<p>En las \u00faltimas semanas, el grupo del&nbsp;<strong>Museo Paleontol\u00f3gico de San Pedro<\/strong>&nbsp;tuvo acceso al establecimiento que cobija al antiguo galp\u00f3n donde funcionara la bodega \u201c<strong><em>La Salamanca<\/em><\/strong>\u201d, propiedad de la familia Scandiani.<\/p>\n\n\n\n<p>Recibidos por la se\u00f1ora&nbsp;<strong>Mercedes Scandiani<\/strong>, integrantes del museo recopilaron de primera mano informaci\u00f3n, an\u00e9cdotas y datos del funcionamiento del hist\u00f3rico emprendimiento vitivin\u00edcola que funcion\u00f3 en San Pedro entre la d\u00e9cada de&nbsp;<strong>1930<\/strong>&nbsp;y&nbsp;<strong>1971<\/strong>, a\u00f1o en el que cerr\u00f3 sus puertas definitivamente.<\/p>\n\n\n\n<p>Desde aquel momento, la familia Scandiani mantuvo la infraestructura de la vieja bodega, tal como estaba cuando dej\u00f3 de funcionar.<\/p>\n\n\n\n<p>\u201c<em>Visitar esa bodega es como viajar en el tiempo. Los objetos, las sombras y los sonidos del lugar parecen remontar al visitante a un pasado de trabajo y esfuerzo que a\u00fan se conserva en ese galp\u00f3n<\/em>\u201d, comentan desde el Museo Paleontol\u00f3gico, Jos\u00e9 Luis Aguilar y Javier Saucedo, que fueron quienes obtuvieron la autorizaci\u00f3n para filmar y fotografiar el lugar.<\/p>\n\n\n\n<p>En la planta principal se mantienen las cubas, algunos toneles, filtros, canastas cosecheras, carruajes para sacar la producci\u00f3n y antiguos motores. En el subsuelo, los grandes piletones de tratamiento del vino, la despalilladora y gran parte de la estructura necesaria para el proceso, resisten el paso del tipo.<\/p>\n\n\n\n<p>\u201c<em>La bodega Scandiani fue un \u00edcono del esfuerzo familiar y una fuente de trabajo muy importante para la \u00e9poca. All\u00ed trabaj\u00f3 gente de San Pedro, Gdor. Castro y Vuelta de Obligado. Hac\u00eda mucho tiempo que quer\u00edamos documentar este lugar tan emblem\u00e1tico de nuestro partido y difundir su historia para las nuevas generaciones. Quer\u00edamos que se conociera el trabajo de estos colonos italianos en nuestras tierras y lo duro que fue para estos emprendimientos las legislaciones que fomentaron la instalaci\u00f3n de vi\u00f1edos en la zona de Cuyo, condenando as\u00ed a las bodegas de nuestra zona para siempre<\/em>\u201d, explican desde el Grupo Conservacionista.<\/p>\n\n\n\n<p>Todas las fotograf\u00edas y las im\u00e1genes filmadas pasar\u00e1n a formar parte de la Sala de Documentaci\u00f3n Hist\u00f3rica del museo. El audiovisual realizado por el Grupo Conservacionista ya puede verse en el link\u00a0<a rel=\"noreferrer noopener\" href=\"https:\/\/youtu.be\/IEAomYg8fms\" target=\"_blank\">https:\/\/youtu.be\/IEAomYg8fms<\/a><\/p>\n\n\n\n<figure class=\"wp-block-embed is-type-video is-provider-youtube wp-block-embed-youtube wp-embed-aspect-16-9 wp-has-aspect-ratio\"><div class=\"wp-block-embed__wrapper\">\n<iframe  style=\"display: block; margin: 0px auto;\"  id=\"_ytid_93243\"  width=\"640\" height=\"360\"  data-origwidth=\"640\" data-origheight=\"360\" src=\"https:\/\/www.youtube.com\/embed\/IEAomYg8fms?enablejsapi=1&#038;autoplay=0&#038;cc_load_policy=0&#038;cc_lang_pref=&#038;iv_load_policy=1&#038;loop=0&#038;rel=1&#038;fs=1&#038;playsinline=0&#038;autohide=2&#038;theme=dark&#038;color=red&#038;controls=1&#038;disablekb=0&#038;\" class=\"__youtube_prefs__  epyt-is-override  no-lazyload\" title=\"YouTube player\"  allow=\"fullscreen; accelerometer; autoplay; clipboard-write; encrypted-media; gyroscope; picture-in-picture; web-share\" referrerpolicy=\"strict-origin-when-cross-origin\" allowfullscreen data-no-lazy=\"1\" data-skipgform_ajax_framebjll=\"\"><\/iframe>\n<\/div><\/figure>\n","protected":false},"excerpt":{"rendered":"<p>En las \u00faltimas semanas, el grupo del&nbsp;Museo Paleontol\u00f3gico de San Pedro&nbsp;tuvo acceso al establecimiento que cobija al antiguo galp\u00f3n donde funcionara la bodega \u201cLa Salamanca\u201d, propiedad de la familia Scandiani. Recibidos por la se\u00f1ora&nbsp;Mercedes Scandiani, integrantes del museo recopilaron de primera mano informaci\u00f3n, an\u00e9cdotas y datos del funcionamiento del hist\u00f3rico emprendimiento vitivin\u00edcola que funcion\u00f3 en [&hellip;]<\/p>\n","protected":false},"author":4,"featured_media":106570,"comment_status":"closed","ping_status":"closed","sticky":false,"template":"","format":"standard","meta":{"om_disable_all_campaigns":false,"_jetpack_memberships_contains_paid_content":false,"footnotes":""},"categories":[101,2],"tags":[197,696,33,19],"class_list":["post-106569","post","type-post","status-publish","format-standard","has-post-thumbnail","hentry","category-interes-general-locales","category-locales","tag-buenos-aires","tag-interes-general","tag-locales","tag-san-pedro"],"aioseo_notices":[],"gutentor_comment":0,"jetpack_featured_media_url":"https:\/\/eldiariodesanpedro.com.ar\/sitio\/wp-content\/uploads\/2022\/05\/WhatsApp-Image-2022-05-02-at-10.24.01-AM.jpeg","jetpack_shortlink":"https:\/\/wp.me\/p6RhLt-rIR","jetpack_sharing_enabled":true,"_links":{"self":[{"href":"https:\/\/eldiariodesanpedro.com.ar\/sitio\/wp-json\/wp\/v2\/posts\/106569","targetHints":{"allow":["GET"]}}],"collection":[{"href":"https:\/\/eldiariodesanpedro.com.ar\/sitio\/wp-json\/wp\/v2\/posts"}],"about":[{"href":"https:\/\/eldiariodesanpedro.com.ar\/sitio\/wp-json\/wp\/v2\/types\/post"}],"author":[{"embeddable":true,"href":"https:\/\/eldiariodesanpedro.com.ar\/sitio\/wp-json\/wp\/v2\/users\/4"}],"replies":[{"embeddable":true,"href":"https:\/\/eldiariodesanpedro.com.ar\/sitio\/wp-json\/wp\/v2\/comments?post=106569"}],"version-history":[{"count":1,"href":"https:\/\/eldiariodesanpedro.com.ar\/sitio\/wp-json\/wp\/v2\/posts\/106569\/revisions"}],"predecessor-version":[{"id":106571,"href":"https:\/\/eldiariodesanpedro.com.ar\/sitio\/wp-json\/wp\/v2\/posts\/106569\/revisions\/106571"}],"wp:featuredmedia":[{"embeddable":true,"href":"https:\/\/eldiariodesanpedro.com.ar\/sitio\/wp-json\/wp\/v2\/media\/106570"}],"wp:attachment":[{"href":"https:\/\/eldiariodesanpedro.com.ar\/sitio\/wp-json\/wp\/v2\/media?parent=106569"}],"wp:term":[{"taxonomy":"category","embeddable":true,"href":"https:\/\/eldiariodesanpedro.com.ar\/sitio\/wp-json\/wp\/v2\/categories?post=106569"},{"taxonomy":"post_tag","embeddable":true,"href":"https:\/\/eldiariodesanpedro.com.ar\/sitio\/wp-json\/wp\/v2\/tags?post=106569"}],"curies":[{"name":"wp","href":"https:\/\/api.w.org\/{rel}","templated":true}]}}