{"id":106562,"date":"2022-05-02T09:59:48","date_gmt":"2022-05-02T12:59:48","guid":{"rendered":"https:\/\/eldiariodesanpedro.com.ar\/sitio\/?p=106562"},"modified":"2022-05-02T09:59:49","modified_gmt":"2022-05-02T12:59:49","slug":"san-pedro-presente-en-la-reunion-de-referentas-del-programa-puertos-en-clave-de-genero","status":"publish","type":"post","link":"https:\/\/eldiariodesanpedro.com.ar\/sitio\/san-pedro-presente-en-la-reunion-de-referentas-del-programa-puertos-en-clave-de-genero\/","title":{"rendered":"San Pedro presente en la reuni\u00f3n de referentas del programa Puertos en Clave de G\u00e9nero"},"content":{"rendered":"<!-- VideographyWP Plugin Message: Automatic video embedding prevented by plugin options. -->\n\n<p>En la Biblioteca Central de la Provincia de Buenos Aires en la ciudad de La Plata, se concret\u00f3 hoy una reuni\u00f3n de referentas del programa Puertos en Clave de G\u00e9nero que impulsa el gobierno bonaerense. &nbsp;<br><br>La Directora Provincial de Planificaci\u00f3n e Infraestructura Portuaria Jesica Aspis coordin\u00f3 el encuentro que cont\u00f3 con charlas y debates a cargo de invitadas especiales. La apertura estuvo a cargo de la economista Mercedes D\u2019Alessandro,&nbsp; Directora Nacional de Econom\u00eda, Igualdad y G\u00e9nero en el Ministerio de Econom\u00eda de la Rep\u00fablica Argentina.<\/p>\n\n\n\n<p><br>Milagros D\u00edaz, Oficial de Protecci\u00f3n de las Instalaciones Portuarias concurri\u00f3 en representaci\u00f3n del Puerto de San Pedro, compartiendo experiencias con mujeres que forman parte de los equipos de otros puertos de la Provincia de Buenos Aires.<br><br>La Subsecretar\u00eda de Asuntos Portuarios, dependiente del Ministerio de Producci\u00f3n, Ciencia e Innovaci\u00f3n Tecnol\u00f3gica bonaerense viene desarrollando diversas campa\u00f1as en todas las terminales bonaerenses un \u00e1mbito en el que las mujeres solo cubr\u00edan el 24% del total de la plantilla contra el 76% de puestos ocupados por varones, una brecha que se ampl\u00eda al 95% en el caso del trabajo en muelle.<br><br>Este encuentro sirvi\u00f3 para analizar los progresos del programa y la agenda tem\u00e1tica para continuar trabajando para lograr el objetivo propuesto.<\/p>\n\n\n\n<figure class=\"wp-block-image size-large\"><img decoding=\"async\" width=\"1024\" height=\"577\" data-attachment-id=\"106566\" data-permalink=\"https:\/\/eldiariodesanpedro.com.ar\/sitio\/san-pedro-presente-en-la-reunion-de-referentas-del-programa-puertos-en-clave-de-genero\/puerto-genero-2\/\" data-orig-file=\"https:\/\/eldiariodesanpedro.com.ar\/sitio\/wp-content\/uploads\/2022\/05\/puerto-genero-2.jpeg\" data-orig-size=\"1118,630\" data-comments-opened=\"0\" data-image-meta=\"{&quot;aperture&quot;:&quot;0&quot;,&quot;credit&quot;:&quot;&quot;,&quot;camera&quot;:&quot;&quot;,&quot;caption&quot;:&quot;&quot;,&quot;created_timestamp&quot;:&quot;0&quot;,&quot;copyright&quot;:&quot;&quot;,&quot;focal_length&quot;:&quot;0&quot;,&quot;iso&quot;:&quot;0&quot;,&quot;shutter_speed&quot;:&quot;0&quot;,&quot;title&quot;:&quot;&quot;,&quot;orientation&quot;:&quot;0&quot;}\" data-image-title=\"puerto genero (2)\" data-image-description=\"\" data-image-caption=\"\" data-large-file=\"https:\/\/eldiariodesanpedro.com.ar\/sitio\/wp-content\/uploads\/2022\/05\/puerto-genero-2-1024x577.jpeg\" data-src=\"https:\/\/eldiariodesanpedro.com.ar\/sitio\/wp-content\/uploads\/2022\/05\/puerto-genero-2-1024x577.jpeg\" alt=\"\" class=\"wp-image-106566 lazyload\" data-srcset=\"https:\/\/eldiariodesanpedro.com.ar\/sitio\/wp-content\/uploads\/2022\/05\/puerto-genero-2-1024x577.jpeg 1024w, https:\/\/eldiariodesanpedro.com.ar\/sitio\/wp-content\/uploads\/2022\/05\/puerto-genero-2-300x169.jpeg 300w, https:\/\/eldiariodesanpedro.com.ar\/sitio\/wp-content\/uploads\/2022\/05\/puerto-genero-2-768x433.jpeg 768w, https:\/\/eldiariodesanpedro.com.ar\/sitio\/wp-content\/uploads\/2022\/05\/puerto-genero-2.jpeg 1118w\" data-sizes=\"(max-width: 1024px) 100vw, 1024px\" src=\"data:image\/svg+xml;base64,PHN2ZyB3aWR0aD0iMSIgaGVpZ2h0PSIxIiB4bWxucz0iaHR0cDovL3d3dy53My5vcmcvMjAwMC9zdmciPjwvc3ZnPg==\" style=\"--smush-placeholder-width: 1024px; --smush-placeholder-aspect-ratio: 1024\/577;\" \/><\/figure>\n","protected":false},"excerpt":{"rendered":"<p>En la Biblioteca Central de la Provincia de Buenos Aires en la ciudad de La Plata, se concret\u00f3 hoy una reuni\u00f3n de referentas del programa Puertos en Clave de G\u00e9nero que impulsa el gobierno bonaerense. &nbsp; La Directora Provincial de Planificaci\u00f3n e Infraestructura Portuaria Jesica Aspis coordin\u00f3 el encuentro que cont\u00f3 con charlas y debates [&hellip;]<\/p>\n","protected":false},"author":4,"featured_media":106565,"comment_status":"closed","ping_status":"closed","sticky":false,"template":"","format":"standard","meta":{"om_disable_all_campaigns":false,"_jetpack_memberships_contains_paid_content":false,"footnotes":""},"categories":[101,2],"tags":[197,696,33,19],"class_list":["post-106562","post","type-post","status-publish","format-standard","has-post-thumbnail","hentry","category-interes-general-locales","category-locales","tag-buenos-aires","tag-interes-general","tag-locales","tag-san-pedro"],"aioseo_notices":[],"gutentor_comment":0,"jetpack_featured_media_url":"https:\/\/eldiariodesanpedro.com.ar\/sitio\/wp-content\/uploads\/2022\/05\/puerto-genero-1.jpeg","jetpack_shortlink":"https:\/\/wp.me\/p6RhLt-rIK","jetpack_sharing_enabled":true,"_links":{"self":[{"href":"https:\/\/eldiariodesanpedro.com.ar\/sitio\/wp-json\/wp\/v2\/posts\/106562","targetHints":{"allow":["GET"]}}],"collection":[{"href":"https:\/\/eldiariodesanpedro.com.ar\/sitio\/wp-json\/wp\/v2\/posts"}],"about":[{"href":"https:\/\/eldiariodesanpedro.com.ar\/sitio\/wp-json\/wp\/v2\/types\/post"}],"author":[{"embeddable":true,"href":"https:\/\/eldiariodesanpedro.com.ar\/sitio\/wp-json\/wp\/v2\/users\/4"}],"replies":[{"embeddable":true,"href":"https:\/\/eldiariodesanpedro.com.ar\/sitio\/wp-json\/wp\/v2\/comments?post=106562"}],"version-history":[{"count":1,"href":"https:\/\/eldiariodesanpedro.com.ar\/sitio\/wp-json\/wp\/v2\/posts\/106562\/revisions"}],"predecessor-version":[{"id":106567,"href":"https:\/\/eldiariodesanpedro.com.ar\/sitio\/wp-json\/wp\/v2\/posts\/106562\/revisions\/106567"}],"wp:featuredmedia":[{"embeddable":true,"href":"https:\/\/eldiariodesanpedro.com.ar\/sitio\/wp-json\/wp\/v2\/media\/106565"}],"wp:attachment":[{"href":"https:\/\/eldiariodesanpedro.com.ar\/sitio\/wp-json\/wp\/v2\/media?parent=106562"}],"wp:term":[{"taxonomy":"category","embeddable":true,"href":"https:\/\/eldiariodesanpedro.com.ar\/sitio\/wp-json\/wp\/v2\/categories?post=106562"},{"taxonomy":"post_tag","embeddable":true,"href":"https:\/\/eldiariodesanpedro.com.ar\/sitio\/wp-json\/wp\/v2\/tags?post=106562"}],"curies":[{"name":"wp","href":"https:\/\/api.w.org\/{rel}","templated":true}]}}