{"id":10656,"date":"2016-11-24T18:54:07","date_gmt":"2016-11-24T21:54:07","guid":{"rendered":"https:\/\/eldiariodesanpedro.com.ar\/sitio\/?p=10656"},"modified":"2026-01-24T00:32:21","modified_gmt":"2026-01-24T03:32:21","slug":"sub-13-mitre-espera-por-rival","status":"publish","type":"post","link":"https:\/\/eldiariodesanpedro.com.ar\/sitio\/sub-13-mitre-espera-por-rival\/","title":{"rendered":"SUB 13: Mitre espera por rival"},"content":{"rendered":"<p><!-- VideographyWP Plugin Message: Automatic video embedding prevented by plugin options. --><br \/>\nLos d\u00edas 24 y 28 son los establecidos por Federaci\u00f3n Norte para jugar los octavos de final del torneo Sub 13. El elenco sampedrino del Club Mitre espera por rival, por haber culminado entre los cuatro mejores (tercero en la tabla general) de la ronda regular.<\/p>\n<p>Uni\u00f3n (M) ante Central BA (Z); El Fort\u00edn (C) versus Barracas (C), Obras (A) con Defensores (M) y Paran\u00e1 (SN) vs Sarmiento (Z).<\/p>\n","protected":false},"excerpt":{"rendered":"<p>Los d\u00edas 24 y 28 son los establecidos por Federaci\u00f3n Norte para jugar los octavos de final del torneo Sub 13. El elenco sampedrino del Club Mitre espera por rival, por haber culminado entre los cuatro mejores (tercero en la tabla general) de la ronda regular. Uni\u00f3n (M) ante Central BA (Z); El Fort\u00edn (C) [&hellip;]<\/p>\n","protected":false},"author":4,"featured_media":9187,"comment_status":"open","ping_status":"closed","sticky":false,"template":"","format":"standard","meta":{"om_disable_all_campaigns":false,"_jetpack_memberships_contains_paid_content":false,"footnotes":""},"categories":[5],"tags":[],"class_list":["post-10656","post","type-post","status-publish","format-standard","has-post-thumbnail","hentry","category-deportes"],"aioseo_notices":[],"gutentor_comment":0,"jetpack_featured_media_url":"https:\/\/eldiariodesanpedro.com.ar\/sitio\/wp-content\/uploads\/2016\/10\/cesped-pelota-futbol.jpg","jetpack_shortlink":"https:\/\/wp.me\/p6RhLt-2LS","jetpack_sharing_enabled":true,"_links":{"self":[{"href":"https:\/\/eldiariodesanpedro.com.ar\/sitio\/wp-json\/wp\/v2\/posts\/10656","targetHints":{"allow":["GET"]}}],"collection":[{"href":"https:\/\/eldiariodesanpedro.com.ar\/sitio\/wp-json\/wp\/v2\/posts"}],"about":[{"href":"https:\/\/eldiariodesanpedro.com.ar\/sitio\/wp-json\/wp\/v2\/types\/post"}],"author":[{"embeddable":true,"href":"https:\/\/eldiariodesanpedro.com.ar\/sitio\/wp-json\/wp\/v2\/users\/4"}],"replies":[{"embeddable":true,"href":"https:\/\/eldiariodesanpedro.com.ar\/sitio\/wp-json\/wp\/v2\/comments?post=10656"}],"version-history":[{"count":1,"href":"https:\/\/eldiariodesanpedro.com.ar\/sitio\/wp-json\/wp\/v2\/posts\/10656\/revisions"}],"predecessor-version":[{"id":10657,"href":"https:\/\/eldiariodesanpedro.com.ar\/sitio\/wp-json\/wp\/v2\/posts\/10656\/revisions\/10657"}],"wp:featuredmedia":[{"embeddable":true,"href":"https:\/\/eldiariodesanpedro.com.ar\/sitio\/wp-json\/wp\/v2\/media\/9187"}],"wp:attachment":[{"href":"https:\/\/eldiariodesanpedro.com.ar\/sitio\/wp-json\/wp\/v2\/media?parent=10656"}],"wp:term":[{"taxonomy":"category","embeddable":true,"href":"https:\/\/eldiariodesanpedro.com.ar\/sitio\/wp-json\/wp\/v2\/categories?post=10656"},{"taxonomy":"post_tag","embeddable":true,"href":"https:\/\/eldiariodesanpedro.com.ar\/sitio\/wp-json\/wp\/v2\/tags?post=10656"}],"curies":[{"name":"wp","href":"https:\/\/api.w.org\/{rel}","templated":true}]}}