{"id":106544,"date":"2022-04-29T19:45:28","date_gmt":"2022-04-29T22:45:28","guid":{"rendered":"https:\/\/eldiariodesanpedro.com.ar\/sitio\/?p=106544"},"modified":"2022-04-29T19:45:29","modified_gmt":"2022-04-29T22:45:29","slug":"ramallo-el-asesino-serial-buscaba-en-internet-como-matar-gente-y-le-hallaron-un-misterioso-te-en-la-heladera","status":"publish","type":"post","link":"https:\/\/eldiariodesanpedro.com.ar\/sitio\/ramallo-el-asesino-serial-buscaba-en-internet-como-matar-gente-y-le-hallaron-un-misterioso-te-en-la-heladera\/","title":{"rendered":"RAMALLO | El asesino serial buscaba en internet c\u00f3mo matar gente y le hallaron un misterioso t\u00e9 en la heladera"},"content":{"rendered":"<!-- VideographyWP Plugin Message: Automatic video embedding prevented by plugin options. -->\n\n<p>Pablo Dami\u00e1n Grottini intent\u00f3 encontrar informaci\u00f3n sobre envenenamientos por v\u00eda endovenosa desde antes del presunto crimen de su hermano en 2019. El t\u00e9 hallado en la heladera de su casa ser\u00e1 peritado<\/p>\n\n\n\n<p><strong>Pablo Dami\u00e1n Grottini&nbsp;<\/strong>fue allanado y arrestado por la DDI de San Nicol\u00e1s de la Polic\u00eda Bonaerense poco despu\u00e9s de<strong>&nbsp;la muerte de su madre Teresita<\/strong>, de la cual era el principal sospechoso. Una m\u00e9dica en el hospital San Felipe donde falleci\u00f3 hall\u00f3 una ampolla de diazepam junto al cuerpo, un poderoso psicof\u00e1rmaco. Su sonda de suero, seg\u00fan informaci\u00f3n de la causa, ten\u00eda signos de haber sido manipulada.<\/p>\n\n\n\n<p>Grottini\u00a0<strong>se hab\u00eda mostrado nervioso, dubitativo, inquieto en toda la jornada.\u00a0<\/strong>R\u00e1pidamente -tras la muerte de su madre o en la v\u00edspera, hay testimonios conflictivos al respecto- se hab\u00eda dirigido a\u00a0<strong>Exequiel Services, la funeraria donde trabajaba como chofer de cortejos<\/strong>, ubicada a diez cuadras del hospital, para avisar que su madre hab\u00eda muerto, que se deb\u00eda realizar un servicio f\u00fanebre y que\u00a0<strong>ser\u00eda cremada\u00a0<\/strong>en un cementerio privado de Villa Constituci\u00f3n.\u00a0<mark><strong>Un aviso fue posteado en el sitio de la empresa poco despu\u00e9s, donde dio la direcci\u00f3n de su casa para que vayan a darle el p\u00e9same.<\/strong><\/mark><\/p>\n\n\n\n<p>As\u00ed,<strong>\u00a0la fiscal Mar\u00eda Bel\u00e9n Ba\u00f1os fue por \u00e9l.<\/strong>\u00a0No solo lo acus\u00f3 de matar a su madre. Tambi\u00e9n sospecha de \u00e9l por las muertes de\u00a0<strong>su hermano menor, Germ\u00e1n y su hija adoptiva Ayl\u00e9n, que viv\u00eda con un retraso madurativo, ocurridas en 2019 y 2021.\u00a0<\/strong>Ninguno ten\u00eda una patolog\u00eda previa. Los cuerpos de ambos fueron cremados.<\/p>\n\n\n\n<p>La Bonaerense<strong>&nbsp;registr\u00f3 su casa en la zona de Villa General Savio, sobre la calle Tucum\u00e1n<\/strong>, donde convivi\u00f3 con su madre hasta su muerte. Los recuerdos y ropa de Ayl\u00e9n Grottini todav\u00eda estaban all\u00ed. El tel\u00e9fono del chofer, una tablet, una notebook, que comenzaron a ser peritados. Registraron, tambi\u00e9n,&nbsp;<strong>su historial de b\u00fasqueda online.&nbsp;<\/strong>Peritos expertos encontraron que<mark><strong>&nbsp;hab\u00eda buscado c\u00f3mo matar personas por v\u00eda endovenosa y que lo hab\u00eda hecho desde 2018, meses antes de la muerte de su hermano<\/strong><\/mark>, un deportista y guardavida de 32 a\u00f1os que en pocos d\u00edas perdi\u00f3 la vida.<\/p>\n\n\n\n<p>Tambi\u00e9n fueron por su heladera. All\u00ed, encontraron<strong>&nbsp;una taza de t\u00e9 a medio tomar.&nbsp;<\/strong>Las sospechas fueron inmediatas. El l\u00edquido fue incautado y<strong>&nbsp;ser\u00e1 peritado<\/strong>&nbsp;en busca de veneno, seg\u00fan informaron fuentes del caso a&nbsp;<strong>Infobae.<\/strong><\/p>\n\n\n\n<p>Grottini\u00a0<strong>se neg\u00f3 a declarar en un primer momento<\/strong>\u00a0por consejo de su abogado. Ahora, permanece en una celda de la Polic\u00eda Bonaerense. Se espera que se pida su prisi\u00f3n indagatoria al juzgado de garant\u00edas del caso. Tambi\u00e9n se espera\u00a0<mark><strong>el resultado de la pericia toxicol\u00f3gica al cuerpo de su madre durante su autopsia<\/strong><\/mark>, en la que no se hallaron signos de violencia. Lo que digan las muestras extra\u00eddas del cuerpo, o lo que diga el t\u00e9, ser\u00e1n de importancia clave para la causa.<strong>\u00a0Una pericia psiqui\u00e1trica al acusado tambi\u00e9n est\u00e1 entre las posibilidades.<\/strong><\/p>\n\n\n\n<p>Entonces, si es que Grottini mat\u00f3,&nbsp;<strong>\u00bfpor qu\u00e9 lo hizo?&nbsp;<\/strong>Las hip\u00f3tesis est\u00e1n abiertas en el caso. Se sospechaba<strong>&nbsp;un m\u00f3vil econ\u00f3mico<\/strong>&nbsp;por, al menos, el crimen de la madre, pero los investigadores del caso&nbsp;<strong>descreen de esa pista<\/strong>: Teresita Di Martino no era una mujer acaudalada. A la familia \u201cno le sobraba\u201d pero tampoco ten\u00eda un mal pasar, el perfil econ\u00f3mico del acusado no muestra deudas, sean de larga data o recientes. Grottini no mostraba una cara oscura a sus compa\u00f1eros en la funeraria,&nbsp;<strong>un hombre neutro, sin roces, \u201cmuy cat\u00f3lico\u201d<\/strong>, lo evoca un compa\u00f1ero.<\/p>\n\n\n\n<p>Tal vez, creen los investigadores,&nbsp;<mark><strong>haya sido pura oscuridad, un deseo de muerte<\/strong><\/mark>, lo que define a cualquier asesino serial.<\/p>\n\n\n\n<p>Ayer, Grottini decidi\u00f3 ampliar su declaraci\u00f3n. Asegur\u00f3 ser inocente de matar a su familia. Explic\u00f3 que la supuesta crisis de salud de su madre comenz\u00f3 el viernes por la noche cuando estaban \u201cen la mesa de su casa\u201d. Afirm\u00f3 que Teresita estaba \u201ccon dolor de pecho, muy nerviosa y muy angustiada\u201d. As\u00ed, cont\u00f3 que la llev\u00f3 al hospital San Felipe y que<strong>&nbsp;a su madre \u201cle hacen unos chequeos, le colocan una v\u00eda y le van a hacer una tomograf\u00eda\u201d.&nbsp;<\/strong>Finalmente, culp\u00f3 a una enfermera: \u201cHay un problema en el suero y viene una enfermera de pantal\u00f3n a cuadritos que le dice que se hab\u00eda tapado,&nbsp;<mark><strong>entonces esta enfermera retuerce la manguera del suero y le inyecta algo&nbsp;<\/strong><\/mark>porque a\u00fan no se hab\u00eda destapado, que seguidamente dice esta enfermera \u2018ah\u00ed se destap\u00f3\u2019\u201d, dice el acta de la indagatoria, a la que accedi\u00f3<em>&nbsp;T\u00e9lam.<\/em><\/p>\n\n\n\n<p><mark><strong>Sobre la muerte de Ayl\u00e9n, asegur\u00f3 que fue producto de una supuesta mala praxis m\u00e9dica.<\/strong><\/mark><\/p>\n\n\n\n<p>Fuente: Infobae<\/p>\n","protected":false},"excerpt":{"rendered":"<p>Pablo Dami\u00e1n Grottini intent\u00f3 encontrar informaci\u00f3n sobre envenenamientos por v\u00eda endovenosa desde antes del presunto crimen de su hermano en 2019. El t\u00e9 hallado en la heladera de su casa ser\u00e1 peritado Pablo Dami\u00e1n Grottini&nbsp;fue allanado y arrestado por la DDI de San Nicol\u00e1s de la Polic\u00eda Bonaerense poco despu\u00e9s de&nbsp;la muerte de su madre [&hellip;]<\/p>\n","protected":false},"author":4,"featured_media":106545,"comment_status":"closed","ping_status":"closed","sticky":false,"template":"","format":"standard","meta":{"om_disable_all_campaigns":false,"_jetpack_memberships_contains_paid_content":false,"footnotes":""},"categories":[621],"tags":[197,33],"class_list":["post-106544","post","type-post","status-publish","format-standard","has-post-thumbnail","hentry","category-regionales","tag-buenos-aires","tag-locales"],"aioseo_notices":[],"gutentor_comment":0,"jetpack_featured_media_url":"https:\/\/eldiariodesanpedro.com.ar\/sitio\/wp-content\/uploads\/2022\/04\/PGTGFGG67JFXNETXKYXGB37YNY.jpg","jetpack_shortlink":"https:\/\/wp.me\/p6RhLt-rIs","jetpack_sharing_enabled":true,"_links":{"self":[{"href":"https:\/\/eldiariodesanpedro.com.ar\/sitio\/wp-json\/wp\/v2\/posts\/106544","targetHints":{"allow":["GET"]}}],"collection":[{"href":"https:\/\/eldiariodesanpedro.com.ar\/sitio\/wp-json\/wp\/v2\/posts"}],"about":[{"href":"https:\/\/eldiariodesanpedro.com.ar\/sitio\/wp-json\/wp\/v2\/types\/post"}],"author":[{"embeddable":true,"href":"https:\/\/eldiariodesanpedro.com.ar\/sitio\/wp-json\/wp\/v2\/users\/4"}],"replies":[{"embeddable":true,"href":"https:\/\/eldiariodesanpedro.com.ar\/sitio\/wp-json\/wp\/v2\/comments?post=106544"}],"version-history":[{"count":1,"href":"https:\/\/eldiariodesanpedro.com.ar\/sitio\/wp-json\/wp\/v2\/posts\/106544\/revisions"}],"predecessor-version":[{"id":106546,"href":"https:\/\/eldiariodesanpedro.com.ar\/sitio\/wp-json\/wp\/v2\/posts\/106544\/revisions\/106546"}],"wp:featuredmedia":[{"embeddable":true,"href":"https:\/\/eldiariodesanpedro.com.ar\/sitio\/wp-json\/wp\/v2\/media\/106545"}],"wp:attachment":[{"href":"https:\/\/eldiariodesanpedro.com.ar\/sitio\/wp-json\/wp\/v2\/media?parent=106544"}],"wp:term":[{"taxonomy":"category","embeddable":true,"href":"https:\/\/eldiariodesanpedro.com.ar\/sitio\/wp-json\/wp\/v2\/categories?post=106544"},{"taxonomy":"post_tag","embeddable":true,"href":"https:\/\/eldiariodesanpedro.com.ar\/sitio\/wp-json\/wp\/v2\/tags?post=106544"}],"curies":[{"name":"wp","href":"https:\/\/api.w.org\/{rel}","templated":true}]}}