{"id":106541,"date":"2022-04-29T19:40:19","date_gmt":"2022-04-29T22:40:19","guid":{"rendered":"https:\/\/eldiariodesanpedro.com.ar\/sitio\/?p=106541"},"modified":"2022-04-29T19:41:43","modified_gmt":"2022-04-29T22:41:43","slug":"ramallo-declaro-ante-la-fiscal-el-imputado-en-la-causa-por-el-presunto-asesinato-de-su-hermano-su-madre-y-su-hija","status":"publish","type":"post","link":"https:\/\/eldiariodesanpedro.com.ar\/sitio\/ramallo-declaro-ante-la-fiscal-el-imputado-en-la-causa-por-el-presunto-asesinato-de-su-hermano-su-madre-y-su-hija\/","title":{"rendered":"RAMALLO | Declar\u00f3 ante la fiscal el imputado en la causa por el presunto asesinato de su hermano, su madre y su hija"},"content":{"rendered":"<!-- VideographyWP Plugin Message: Automatic video embedding prevented by plugin options. -->\n\n<p>Pablo Dami\u00e1n Grottini, de 42 a\u00f1os, fue detenido en su casa de General Savio, partido de Ramallo, como sospechoso de un espantoso triple homicidio. Habr\u00eda matado a su hija, a su madre y al hermano.<\/p>\n\n\n\n<p>La fiscal Dra. Bel\u00e9n Ba\u00f1os, titular de la UFI N\u00b0 12, inform\u00f3 sobre el avance de la causa en la que est\u00e1 involucrado un hombre de 41 a\u00f1os imputado del presunto homicidio de tres familiares: su madre, su hermano y su hija de 10 a\u00f1os, a quienes cuid\u00f3 mientras estuvieron internados.<\/p>\n\n\n\n<p>\u201cEn horas de la madrugada del d\u00eda s\u00e1bado 23 de abril de 2022, recib\u00ed un llamado telef\u00f3nico de parte de la Dra. Yamila Fern\u00e1ndez, m\u00e9dica de guardia del Hospital San Felipe, la cual me anotici\u00f3 del reciente fallecimiento de la Sra. Teresita Di Martino de 61 a\u00f1os de edad, en circunstancias dudosas a criterio del personal m\u00e9dico\u201d.<\/p>\n\n\n\n<p>\u201cMe inform\u00f3 que la misma hab\u00eda sido trasladada al nosocomio por su hijo (imputado en la presente investigaci\u00f3n) quien refiri\u00f3 que su madre estaba descompuesta. La paciente refiri\u00f3 sentirse mareada y angustiada por la muerte de otro hijo y de su nieta, ocurrido tiempo atr\u00e1s. Se le realizaron todos los estudios correspondientes al cuadro que presentaba que arrojaron resultados dentro de los par\u00e1metros normales. No obstante, se la dej\u00f3 en observaci\u00f3n y se le coloc\u00f3 un suero para hidrataci\u00f3n\u201d.<\/p>\n\n\n\n<p>\u201cDurante esa estad\u00eda de horas estuvo a solas al cuidado de su hijo en el box n\u00famero 3 de la guardia del Hospital, que es un espacio cerrado, con lugar para un solo paciente. Me refiri\u00f3 que frecuentemente personal de guardia pas\u00f3 a controlar el estado de salud de la paciente y se encontraba estable, incluso en condiciones de ser dada de alta, lo que era previsto por cuanto no presentaba ninguna complicaci\u00f3n cl\u00ednica, y tampoco patolog\u00edas previas que ameritaran una reevaluaci\u00f3n y\/o internaci\u00f3n\u201d.<\/p>\n\n\n\n<p>\u201cTampoco se le suministr\u00f3 ninguna medicaci\u00f3n m\u00e1s all\u00e1 de la soluci\u00f3n fisiol\u00f3gica. En determinado momento, el imputado dio aviso al personal de guardia que el suero \u00abperd\u00eda\u00bb, ante lo cual, la enfermera de turno, luego de constatar que la v\u00eda estaba pinchada, atravesada de lado a lado, cambi\u00f3 el suero, observando que el hijo de la paciente ten\u00eda sus prendas de vestir mojadas. M\u00e1s tarde, aproximadamente una hora y media despu\u00e9s, nuevamente el hijo de la paciente llama al personal de guardia, refiriendo en esta oportunidad que su madre se<\/p>\n\n\n\n<p>hab\u00eda quedado dormida\u201d.<\/p>\n\n\n\n<p>\u201cEs all\u00ed cuando personal m\u00e9dico constata que ya estaba fallecida, traslad\u00e1ndola no obstante al shockroom para realizarle maniobras de reanimaci\u00f3n, que no tuvieron \u00e9xito. Posteriormente, constataron que el nuevo suero que hab\u00eda colocado la enfermera tambi\u00e9n se encontraba pinchado, esta vez con un s\u00f3lo orificio en la manguera. Asimismo, hallaron en el mismo box donde se encontraba la paciente, una ampolla de Diazepam abierta, la cual no hab\u00eda sido prescripta para ning\u00fan paciente ese d\u00eda, adem\u00e1s de que no se correspond\u00eda con la marca que utilizan en el nosocomio, y tampoco ten\u00eda el r\u00f3tulo con el nombre de ning\u00fan paciente, lo que por protocolo siempre hacen cuando suministran dicha droga\u201d.<\/p>\n\n\n\n<p>\u201cFrente a estas circunstancias, se dispuso la comisi\u00f3n de personal de Polic\u00eda Cient\u00edfica en el lugar para efectuar levantamiento de rastros y secuestro del suero y de la ampolla, as\u00ed como<\/p>\n\n\n\n<p>tambi\u00e9n la comisi\u00f3n de personal de la DDI para requisa personal del hijo de la fallecida, procedi\u00e9ndose al secuestro de su tel\u00e9fono celular. Tambi\u00e9n se dispuso su revisi\u00f3n m\u00e9dica, constat\u00e1ndose que presentaba una herida punzante (compatible con pinchadura de una aguja) en uno de sus dedos. Se inici\u00f3 una investigaci\u00f3n por averiguaci\u00f3n de causales de muerte\u201d.<\/p>\n\n\n\n<p>\u201cEn ese marco el mismo s\u00e1bado se procedi\u00f3 al allanamiento en la vivienda del investigado, donde se secuestr\u00f3 telefon\u00eda celular, dispositivos inform\u00e1ticos y gran cantidad de elementos de inter\u00e9s investigativo. Seguidamente se comenz\u00f3 con la recepci\u00f3n de declaraciones testimoniales, fundamentalmente del personal de guardia al momento del fallecimiento\u201d.<\/p>\n\n\n\n<p>\u201cDe diversos testimonios, todos concordantes en relaci\u00f3n al estado de nerviosismo e inquietud que evidenciaba el imputado en el Hospital (sin correspondencia con el cuadro cl\u00ednico de su madre) y a la insistencia para que su progenitora quede internada junto a \u00e9l en una habitaci\u00f3n privada, surgi\u00f3 la informaci\u00f3n de que meses atr\u00e1s la hija del imputado, y en el a\u00f1o 2019 su hermano, hab\u00edan fallecido en circunstancias similares, inesperadas y repentinas, por cuanto ninguno presentaba patolog\u00edas previas ni s\u00edntomas actuales -al momento de las consultas- que hubieran hecho previsibles sus fallecimientos\u201d.<\/p>\n\n\n\n<p>\u201cSu hermano era un deportista de 32 a\u00f1os, sano, guardavidas. Su hija, de 10 a\u00f1os, presentaba un retraso madurativo pero ninguna patolog\u00eda cl\u00ednica de riesgo. Su hermano en julio de 2019 fue ingresado a la guardia de una cl\u00ednica local por familiares (entre ellos el imputado) por s\u00edntomas leves de \u00abmareos y n\u00e1useas\u00bb y \u00absomnolencia\u00bb (seg\u00fan consta en historia cl\u00ednica), por lo que fue dejado en observaci\u00f3n, con suero colocado. Al respecto el m\u00e9dico que lo atendi\u00f3, declar\u00f3 que no pensaban dejarlo internado m\u00e1s de 24 hs., por cuanto el cuadro era leve y la evoluci\u00f3n r\u00e1pida y favorable. Qued\u00f3 internado en una habitaci\u00f3n s\u00f3lo, al cuidado de su hermano y su madre. En determinado momento la propia madre dio aviso al personal m\u00e9dico que ella hab\u00eda salido al kiosko y al llegar, corrobor\u00f3 que su hijo no reaccionaba, constat\u00e1ndose inmediatamente que el mismo hab\u00eda fallecido\u201d.<\/p>\n\n\n\n<p>\u201cEn relaci\u00f3n a su hija, en julio de 2021 ingres\u00f3 al hospital por \u00abdolor en el pecho\u00bb, seg\u00fan refiri\u00f3 su propio padre al momento de acudir a la guardia, frente a lo cual se le realizaron los estudios m\u00e9dicos correspondientes, que nuevamente arrojaron resultados dentro de los par\u00e1metros normales, no obstante lo cual, la dejaron en observaci\u00f3n con suero colocado, al cuidado alternado de su padre y su abuela, en habitaci\u00f3n privada\u201d.<\/p>\n\n\n\n<p>\u201cHoras m\u00e1s tarde, encontr\u00e1ndose la ni\u00f1a junto a su padre, se constat\u00f3 que el suero estaba da\u00f1ado, el cual no fue cambiado por uno sano dado que seg\u00fan m\u00e9dicos de guardia, la ni\u00f1a se encontraba bien, en condiciones de ser dada de alta a la brevedad. A los pocos minutos el padre dio aviso al personal de guardia que la ni\u00f1a no estaba bien, constat\u00e1ndose de inmediato que la misma hab\u00eda palidecido y se encontraba d\u00e9bil y mareada, de manera repentina, \u00aben un<\/p>\n\n\n\n<p>estado totalmente diferente al que la hab\u00edan visto anteriormente \u00bb relat\u00f3 una de las m\u00e9dicas, y fue trasladada inmediatamente a terapia intensiva donde lograron estabilizarla. Al d\u00eda siguiente, estando al cuidado exclusivo de su padre en terapia, con suero nuevamente colocado, falleci\u00f3 repentinamente por paro cardiorrespiratorio\u201d.<\/p>\n\n\n\n<p>\u201cA los testimonios del personal de salud (actuante en cada uno de los casos) y al levantamiento de evidencias f\u00edsicas, se sumaron los resultados de los an\u00e1lisis de los dispositivos inform\u00e1ticos hallados y secuestrados en la vivienda del imputado, tambi\u00e9n incriminantes a su respecto\u201d.<\/p>\n\n\n\n<p>\u201cTodo lo cual llev\u00f3 a formular el pedido de detenci\u00f3n, que fuera concedido por el Juzgado de Garant\u00edas interviniente. Efectivizada la misma se le recibi\u00f3 declaraci\u00f3n imput\u00e1ndosele autor\u00eda en los delitos de Homicidio calificado por el v\u00ednculo y por la alevos\u00eda. La investigaci\u00f3n contin\u00faa con recepci\u00f3n de declaraciones testimoniales, pericias inform\u00e1ticas y m\u00e9dicas, y diligencias investigativas de rigor\u201d.<\/p>\n\n\n\n<p>EL INFORMANTE<\/p>\n","protected":false},"excerpt":{"rendered":"<p>Pablo Dami\u00e1n Grottini, de 42 a\u00f1os, fue detenido en su casa de General Savio, partido de Ramallo, como sospechoso de un espantoso triple homicidio. Habr\u00eda matado a su hija, a su madre y al hermano. La fiscal Dra. Bel\u00e9n Ba\u00f1os, titular de la UFI N\u00b0 12, inform\u00f3 sobre el avance de la causa en la [&hellip;]<\/p>\n","protected":false},"author":4,"featured_media":106542,"comment_status":"closed","ping_status":"closed","sticky":false,"template":"","format":"standard","meta":{"om_disable_all_campaigns":false,"_jetpack_memberships_contains_paid_content":false,"footnotes":""},"categories":[621],"tags":[197,696,33,19],"class_list":["post-106541","post","type-post","status-publish","format-standard","has-post-thumbnail","hentry","category-regionales","tag-buenos-aires","tag-interes-general","tag-locales","tag-san-pedro"],"aioseo_notices":[],"gutentor_comment":0,"jetpack_featured_media_url":"https:\/\/eldiariodesanpedro.com.ar\/sitio\/wp-content\/uploads\/2022\/04\/0000020849-resized-1920x1080-1.jpg","jetpack_shortlink":"https:\/\/wp.me\/p6RhLt-rIp","jetpack_sharing_enabled":true,"_links":{"self":[{"href":"https:\/\/eldiariodesanpedro.com.ar\/sitio\/wp-json\/wp\/v2\/posts\/106541","targetHints":{"allow":["GET"]}}],"collection":[{"href":"https:\/\/eldiariodesanpedro.com.ar\/sitio\/wp-json\/wp\/v2\/posts"}],"about":[{"href":"https:\/\/eldiariodesanpedro.com.ar\/sitio\/wp-json\/wp\/v2\/types\/post"}],"author":[{"embeddable":true,"href":"https:\/\/eldiariodesanpedro.com.ar\/sitio\/wp-json\/wp\/v2\/users\/4"}],"replies":[{"embeddable":true,"href":"https:\/\/eldiariodesanpedro.com.ar\/sitio\/wp-json\/wp\/v2\/comments?post=106541"}],"version-history":[{"count":1,"href":"https:\/\/eldiariodesanpedro.com.ar\/sitio\/wp-json\/wp\/v2\/posts\/106541\/revisions"}],"predecessor-version":[{"id":106543,"href":"https:\/\/eldiariodesanpedro.com.ar\/sitio\/wp-json\/wp\/v2\/posts\/106541\/revisions\/106543"}],"wp:featuredmedia":[{"embeddable":true,"href":"https:\/\/eldiariodesanpedro.com.ar\/sitio\/wp-json\/wp\/v2\/media\/106542"}],"wp:attachment":[{"href":"https:\/\/eldiariodesanpedro.com.ar\/sitio\/wp-json\/wp\/v2\/media?parent=106541"}],"wp:term":[{"taxonomy":"category","embeddable":true,"href":"https:\/\/eldiariodesanpedro.com.ar\/sitio\/wp-json\/wp\/v2\/categories?post=106541"},{"taxonomy":"post_tag","embeddable":true,"href":"https:\/\/eldiariodesanpedro.com.ar\/sitio\/wp-json\/wp\/v2\/tags?post=106541"}],"curies":[{"name":"wp","href":"https:\/\/api.w.org\/{rel}","templated":true}]}}