{"id":106538,"date":"2022-04-29T19:24:23","date_gmt":"2022-04-29T22:24:23","guid":{"rendered":"https:\/\/eldiariodesanpedro.com.ar\/sitio\/?p=106538"},"modified":"2022-04-29T19:24:23","modified_gmt":"2022-04-29T22:24:23","slug":"participacion-en-la-presentacion-del-proyecto-de-ley-para-el-fortalecimiento-de-mercados-y-ferias-de-cercania","status":"publish","type":"post","link":"https:\/\/eldiariodesanpedro.com.ar\/sitio\/participacion-en-la-presentacion-del-proyecto-de-ley-para-el-fortalecimiento-de-mercados-y-ferias-de-cercania\/","title":{"rendered":"Participaci\u00f3n en la presentaci\u00f3n del proyecto de ley  para el fortalecimiento de  \u00abmercados y ferias de cercan\u00eda\u00bb"},"content":{"rendered":"<!-- VideographyWP Plugin Message: Automatic video embedding prevented by plugin options. -->\n\n<p>El Secretario de Desarrollo Econ\u00f3mico Mart\u00edn Baraybar particip\u00f3 este jueves 28 de abril de la presentaci\u00f3n realizada por el Diputado Nacional del FDT Daniel Arroyo de un proyecto de ley para crear un fondo fiduciario en \u00abapoyo y fortalecimiento\u00bb econ\u00f3mico de los mercados y ferias de cercan\u00eda.<\/p>\n\n\n\n<p>En el Sal\u00f3n Blanco de la C\u00e1mara de Diputados de la Naci\u00f3n y acompa\u00f1ado por legisladores y funcionarios del interior del pa\u00eds se brind\u00f3 informaci\u00f3n sobre la iniciativa que busca hacer m\u00e1s accesible la calidad nutricional y la producci\u00f3n agroecol\u00f3gica en todo el pa\u00eds.<\/p>\n\n\n\n<p>El proyecto busca impulsar la producci\u00f3n y comercializaci\u00f3n por medio de mecanismos que impulsen la venta directa de productores a consumidores y logren bajar los costos de log\u00edstica y almacenamiento, accediendo entre otros beneficios, a cr\u00e9ditos no bancarios.<\/p>\n\n\n\n<p>Desde la Municipalidad de San Pedro en general y desde la Secretar\u00eda en particular se comparte plenamente el concepto y el contenido de esta iniciativa que sirve para darle mayor organizaci\u00f3n a programas m\u00e1s peque\u00f1os que ya se est\u00e1n concretando local y regionalmente.<\/p>\n\n\n\n<p>Arroyo estuvo acompa\u00f1ado por el titular del bloque del Frente de Todos, Germ\u00e1n Mart\u00ednez y por los diputados, Leonardo Grosso, Federico Fagioli, Natalia Zaracho, Jimena L\u00f3pez y Susana Landriscini, entre otros. Adem\u00e1s, participaron funcionarios nacionales, provinciales y municipales y representantes de pymes y cooperativas de la econom\u00eda social y la agricultura familiar.<\/p>\n","protected":false},"excerpt":{"rendered":"<p>El Secretario de Desarrollo Econ\u00f3mico Mart\u00edn Baraybar particip\u00f3 este jueves 28 de abril de la presentaci\u00f3n realizada por el Diputado Nacional del FDT Daniel Arroyo de un proyecto de ley para crear un fondo fiduciario en \u00abapoyo y fortalecimiento\u00bb econ\u00f3mico de los mercados y ferias de cercan\u00eda. En el Sal\u00f3n Blanco de la C\u00e1mara de [&hellip;]<\/p>\n","protected":false},"author":4,"featured_media":106539,"comment_status":"closed","ping_status":"closed","sticky":false,"template":"","format":"standard","meta":{"om_disable_all_campaigns":false,"_jetpack_memberships_contains_paid_content":false,"footnotes":""},"categories":[50,101,2],"tags":[197,696,33,19],"class_list":["post-106538","post","type-post","status-publish","format-standard","has-post-thumbnail","hentry","category-destacadas","category-interes-general-locales","category-locales","tag-buenos-aires","tag-interes-general","tag-locales","tag-san-pedro"],"aioseo_notices":[],"gutentor_comment":0,"jetpack_featured_media_url":"https:\/\/eldiariodesanpedro.com.ar\/sitio\/wp-content\/uploads\/2022\/04\/WhatsApp-Image-2022-04-29-at-5.50.24-PM.jpeg","jetpack_shortlink":"https:\/\/wp.me\/p6RhLt-rIm","jetpack_sharing_enabled":true,"_links":{"self":[{"href":"https:\/\/eldiariodesanpedro.com.ar\/sitio\/wp-json\/wp\/v2\/posts\/106538","targetHints":{"allow":["GET"]}}],"collection":[{"href":"https:\/\/eldiariodesanpedro.com.ar\/sitio\/wp-json\/wp\/v2\/posts"}],"about":[{"href":"https:\/\/eldiariodesanpedro.com.ar\/sitio\/wp-json\/wp\/v2\/types\/post"}],"author":[{"embeddable":true,"href":"https:\/\/eldiariodesanpedro.com.ar\/sitio\/wp-json\/wp\/v2\/users\/4"}],"replies":[{"embeddable":true,"href":"https:\/\/eldiariodesanpedro.com.ar\/sitio\/wp-json\/wp\/v2\/comments?post=106538"}],"version-history":[{"count":1,"href":"https:\/\/eldiariodesanpedro.com.ar\/sitio\/wp-json\/wp\/v2\/posts\/106538\/revisions"}],"predecessor-version":[{"id":106540,"href":"https:\/\/eldiariodesanpedro.com.ar\/sitio\/wp-json\/wp\/v2\/posts\/106538\/revisions\/106540"}],"wp:featuredmedia":[{"embeddable":true,"href":"https:\/\/eldiariodesanpedro.com.ar\/sitio\/wp-json\/wp\/v2\/media\/106539"}],"wp:attachment":[{"href":"https:\/\/eldiariodesanpedro.com.ar\/sitio\/wp-json\/wp\/v2\/media?parent=106538"}],"wp:term":[{"taxonomy":"category","embeddable":true,"href":"https:\/\/eldiariodesanpedro.com.ar\/sitio\/wp-json\/wp\/v2\/categories?post=106538"},{"taxonomy":"post_tag","embeddable":true,"href":"https:\/\/eldiariodesanpedro.com.ar\/sitio\/wp-json\/wp\/v2\/tags?post=106538"}],"curies":[{"name":"wp","href":"https:\/\/api.w.org\/{rel}","templated":true}]}}