{"id":106529,"date":"2022-04-29T18:49:53","date_gmt":"2022-04-29T21:49:53","guid":{"rendered":"https:\/\/eldiariodesanpedro.com.ar\/sitio\/?p=106529"},"modified":"2022-04-29T18:49:54","modified_gmt":"2022-04-29T21:49:54","slug":"se-creara-un-anexo-de-la-escuela-secundaria-n5-en-vuelta-de-obligado","status":"publish","type":"post","link":"https:\/\/eldiariodesanpedro.com.ar\/sitio\/se-creara-un-anexo-de-la-escuela-secundaria-n5-en-vuelta-de-obligado\/","title":{"rendered":"Se crear\u00e1 un anexo de la Escuela Secundaria N\u00b05 en Vuelta de Obligado"},"content":{"rendered":"<!-- VideographyWP Plugin Message: Automatic video embedding prevented by plugin options. -->\n\n<p>La Jefatura Distrital de Educaci\u00f3n informa que, luego de las gestiones realizadas y con el acompa\u00f1amiento del ejecutivo municipal que encabeza el Dr. Ram\u00f3n Salazar, junto a la decisi\u00f3n del Gobierno Provincial de Axel Kicillof, se logr\u00f3 a trav\u00e9s de la Direcci\u00f3n General de Cultura y Educaci\u00f3n que encabeza Alberto Sileoni la creaci\u00f3n de un anexo de la Secundaria N\u00b05 en la localidad de Vuelta de Obligado.<\/p>\n\n\n\n<p>El trabajo de gesti\u00f3n conjunta brindar\u00e1 la oportunidad a los alumnos de Vuelta de Obligado de asistir a la escuela secundaria en su propia localidad evitando traslados, optimizando los tiempos familiares, dando respuesta a las necesidades manifestadas por la comunidad.<\/p>\n\n\n\n<p>Pr\u00f3ximamente se designar\u00e1n los cargos para dar comienzo al funcionamiento del anexo, con orientaci\u00f3n en Turismo, compartiendo edificio con la Escuela Primaria N\u00b0 15.<\/p>\n","protected":false},"excerpt":{"rendered":"<p>La Jefatura Distrital de Educaci\u00f3n informa que, luego de las gestiones realizadas y con el acompa\u00f1amiento del ejecutivo municipal que encabeza el Dr. Ram\u00f3n Salazar, junto a la decisi\u00f3n del Gobierno Provincial de Axel Kicillof, se logr\u00f3 a trav\u00e9s de la Direcci\u00f3n General de Cultura y Educaci\u00f3n que encabeza Alberto Sileoni la creaci\u00f3n de un [&hellip;]<\/p>\n","protected":false},"author":4,"featured_media":106530,"comment_status":"closed","ping_status":"closed","sticky":false,"template":"","format":"standard","meta":{"om_disable_all_campaigns":false,"_jetpack_memberships_contains_paid_content":false,"footnotes":""},"categories":[50,101,2],"tags":[197,696,33,19],"class_list":["post-106529","post","type-post","status-publish","format-standard","has-post-thumbnail","hentry","category-destacadas","category-interes-general-locales","category-locales","tag-buenos-aires","tag-interes-general","tag-locales","tag-san-pedro"],"aioseo_notices":[],"gutentor_comment":0,"jetpack_featured_media_url":"https:\/\/eldiariodesanpedro.com.ar\/sitio\/wp-content\/uploads\/2022\/04\/WhatsApp-Image-2022-04-29-at-3.47.41-PM.jpeg","jetpack_shortlink":"https:\/\/wp.me\/p6RhLt-rId","jetpack_sharing_enabled":true,"_links":{"self":[{"href":"https:\/\/eldiariodesanpedro.com.ar\/sitio\/wp-json\/wp\/v2\/posts\/106529","targetHints":{"allow":["GET"]}}],"collection":[{"href":"https:\/\/eldiariodesanpedro.com.ar\/sitio\/wp-json\/wp\/v2\/posts"}],"about":[{"href":"https:\/\/eldiariodesanpedro.com.ar\/sitio\/wp-json\/wp\/v2\/types\/post"}],"author":[{"embeddable":true,"href":"https:\/\/eldiariodesanpedro.com.ar\/sitio\/wp-json\/wp\/v2\/users\/4"}],"replies":[{"embeddable":true,"href":"https:\/\/eldiariodesanpedro.com.ar\/sitio\/wp-json\/wp\/v2\/comments?post=106529"}],"version-history":[{"count":1,"href":"https:\/\/eldiariodesanpedro.com.ar\/sitio\/wp-json\/wp\/v2\/posts\/106529\/revisions"}],"predecessor-version":[{"id":106531,"href":"https:\/\/eldiariodesanpedro.com.ar\/sitio\/wp-json\/wp\/v2\/posts\/106529\/revisions\/106531"}],"wp:featuredmedia":[{"embeddable":true,"href":"https:\/\/eldiariodesanpedro.com.ar\/sitio\/wp-json\/wp\/v2\/media\/106530"}],"wp:attachment":[{"href":"https:\/\/eldiariodesanpedro.com.ar\/sitio\/wp-json\/wp\/v2\/media?parent=106529"}],"wp:term":[{"taxonomy":"category","embeddable":true,"href":"https:\/\/eldiariodesanpedro.com.ar\/sitio\/wp-json\/wp\/v2\/categories?post=106529"},{"taxonomy":"post_tag","embeddable":true,"href":"https:\/\/eldiariodesanpedro.com.ar\/sitio\/wp-json\/wp\/v2\/tags?post=106529"}],"curies":[{"name":"wp","href":"https:\/\/api.w.org\/{rel}","templated":true}]}}