{"id":106525,"date":"2022-04-29T18:46:58","date_gmt":"2022-04-29T21:46:58","guid":{"rendered":"https:\/\/eldiariodesanpedro.com.ar\/sitio\/?p=106525"},"modified":"2022-04-29T18:46:59","modified_gmt":"2022-04-29T21:46:59","slug":"pases-multimodales-para-el-transporte-publico","status":"publish","type":"post","link":"https:\/\/eldiariodesanpedro.com.ar\/sitio\/pases-multimodales-para-el-transporte-publico\/","title":{"rendered":"Pases multimodales para el transporte p\u00fablico"},"content":{"rendered":"<!-- VideographyWP Plugin Message: Automatic video embedding prevented by plugin options. -->\n\n<p>Este jueves se llev\u00f3 a cabo en el municipio de Zarate el acto de entrega del Pase Libre Multimodal, un instrumento de acceso a la gratuidad en el transporte p\u00fablico automotor, ferroviario y en el transporte p\u00fablico fluvial dentro de los l\u00edmites jurisdiccionales de la Provincia de Buenos Aires que podr\u00e1 ser utilizarlo por personas con discapacidad, trasplantadas o en lista de espera para trasplante.<\/p>\n\n\n\n<p>Durante la actividad, el ministro de Transporte de la Provincia de Buenos Aires Jorge D\u2019Onofrio, junto a la subsecretaria de Planificaci\u00f3n y Coordinaci\u00f3n de Transporte de la Naci\u00f3n Micaela Mor\u00e1n y el secretario de Gobierno Juan Manuel Arroquigaray entregaron credenciales a los beneficiarios del programa.<\/p>\n\n\n\n<p>El acto cont\u00f3 con la presencia de funcionarios del municipio de Baradero, Ramallo, San Nicol\u00e1s y en representaci\u00f3n de San Pedro estuvo presente el secretario de Desarrollo Humano Walter S\u00e1nchez, quien tambi\u00e9n recibi\u00f3 pases multimodales para ser entregados a beneficiarios de la ciudad.<\/p>\n\n\n\n<p>El tr\u00e1mite para obtener el Pase Libre Multimodal se inicia en l\u00ednea mediante el Sistema de Solicitud de Pases v\u00eda web: <a href=\"https:\/\/www.gba.gob.ar\/transporte\/accesibilidad\/pase_libre_multimodal\">https:\/\/www.gba.gob.ar\/transporte\/accesibilidad\/pase_libre_multimodal<\/a>. <\/p>\n\n\n\n<p>Una vez realizada la solicitud se puede hacer un seguimiento del estado del tr\u00e1mite de manera on-line.<\/p>\n\n\n\n<figure class=\"wp-block-image size-full\"><img decoding=\"async\" width=\"840\" height=\"630\" data-attachment-id=\"106527\" data-permalink=\"https:\/\/eldiariodesanpedro.com.ar\/sitio\/pases-multimodales-para-el-transporte-publico\/whatsapp-image-2022-04-29-at-3-43-03-pm\/\" data-orig-file=\"https:\/\/eldiariodesanpedro.com.ar\/sitio\/wp-content\/uploads\/2022\/04\/WhatsApp-Image-2022-04-29-at-3.43.03-PM.jpeg\" data-orig-size=\"840,630\" data-comments-opened=\"0\" data-image-meta=\"{&quot;aperture&quot;:&quot;0&quot;,&quot;credit&quot;:&quot;&quot;,&quot;camera&quot;:&quot;&quot;,&quot;caption&quot;:&quot;&quot;,&quot;created_timestamp&quot;:&quot;0&quot;,&quot;copyright&quot;:&quot;&quot;,&quot;focal_length&quot;:&quot;0&quot;,&quot;iso&quot;:&quot;0&quot;,&quot;shutter_speed&quot;:&quot;0&quot;,&quot;title&quot;:&quot;&quot;,&quot;orientation&quot;:&quot;0&quot;}\" data-image-title=\"WhatsApp Image 2022-04-29 at 3.43.03 PM\" data-image-description=\"\" data-image-caption=\"\" data-large-file=\"https:\/\/eldiariodesanpedro.com.ar\/sitio\/wp-content\/uploads\/2022\/04\/WhatsApp-Image-2022-04-29-at-3.43.03-PM.jpeg\" data-src=\"https:\/\/eldiariodesanpedro.com.ar\/sitio\/wp-content\/uploads\/2022\/04\/WhatsApp-Image-2022-04-29-at-3.43.03-PM.jpeg\" alt=\"\" class=\"wp-image-106527 lazyload\" data-srcset=\"https:\/\/eldiariodesanpedro.com.ar\/sitio\/wp-content\/uploads\/2022\/04\/WhatsApp-Image-2022-04-29-at-3.43.03-PM.jpeg 840w, https:\/\/eldiariodesanpedro.com.ar\/sitio\/wp-content\/uploads\/2022\/04\/WhatsApp-Image-2022-04-29-at-3.43.03-PM-300x225.jpeg 300w, https:\/\/eldiariodesanpedro.com.ar\/sitio\/wp-content\/uploads\/2022\/04\/WhatsApp-Image-2022-04-29-at-3.43.03-PM-768x576.jpeg 768w\" data-sizes=\"(max-width: 840px) 100vw, 840px\" src=\"data:image\/svg+xml;base64,PHN2ZyB3aWR0aD0iMSIgaGVpZ2h0PSIxIiB4bWxucz0iaHR0cDovL3d3dy53My5vcmcvMjAwMC9zdmciPjwvc3ZnPg==\" style=\"--smush-placeholder-width: 840px; --smush-placeholder-aspect-ratio: 840\/630;\" \/><\/figure>\n","protected":false},"excerpt":{"rendered":"<p>Este jueves se llev\u00f3 a cabo en el municipio de Zarate el acto de entrega del Pase Libre Multimodal, un instrumento de acceso a la gratuidad en el transporte p\u00fablico automotor, ferroviario y en el transporte p\u00fablico fluvial dentro de los l\u00edmites jurisdiccionales de la Provincia de Buenos Aires que podr\u00e1 ser utilizarlo por personas [&hellip;]<\/p>\n","protected":false},"author":4,"featured_media":106526,"comment_status":"closed","ping_status":"closed","sticky":false,"template":"","format":"standard","meta":{"om_disable_all_campaigns":false,"_jetpack_memberships_contains_paid_content":false,"footnotes":""},"categories":[50,101,2],"tags":[197,696,33,19],"class_list":["post-106525","post","type-post","status-publish","format-standard","has-post-thumbnail","hentry","category-destacadas","category-interes-general-locales","category-locales","tag-buenos-aires","tag-interes-general","tag-locales","tag-san-pedro"],"aioseo_notices":[],"gutentor_comment":0,"jetpack_featured_media_url":"https:\/\/eldiariodesanpedro.com.ar\/sitio\/wp-content\/uploads\/2022\/04\/WhatsApp-Image-2022-04-29-at-3.43.02-PM.jpeg","jetpack_shortlink":"https:\/\/wp.me\/p6RhLt-rI9","jetpack_sharing_enabled":true,"_links":{"self":[{"href":"https:\/\/eldiariodesanpedro.com.ar\/sitio\/wp-json\/wp\/v2\/posts\/106525","targetHints":{"allow":["GET"]}}],"collection":[{"href":"https:\/\/eldiariodesanpedro.com.ar\/sitio\/wp-json\/wp\/v2\/posts"}],"about":[{"href":"https:\/\/eldiariodesanpedro.com.ar\/sitio\/wp-json\/wp\/v2\/types\/post"}],"author":[{"embeddable":true,"href":"https:\/\/eldiariodesanpedro.com.ar\/sitio\/wp-json\/wp\/v2\/users\/4"}],"replies":[{"embeddable":true,"href":"https:\/\/eldiariodesanpedro.com.ar\/sitio\/wp-json\/wp\/v2\/comments?post=106525"}],"version-history":[{"count":1,"href":"https:\/\/eldiariodesanpedro.com.ar\/sitio\/wp-json\/wp\/v2\/posts\/106525\/revisions"}],"predecessor-version":[{"id":106528,"href":"https:\/\/eldiariodesanpedro.com.ar\/sitio\/wp-json\/wp\/v2\/posts\/106525\/revisions\/106528"}],"wp:featuredmedia":[{"embeddable":true,"href":"https:\/\/eldiariodesanpedro.com.ar\/sitio\/wp-json\/wp\/v2\/media\/106526"}],"wp:attachment":[{"href":"https:\/\/eldiariodesanpedro.com.ar\/sitio\/wp-json\/wp\/v2\/media?parent=106525"}],"wp:term":[{"taxonomy":"category","embeddable":true,"href":"https:\/\/eldiariodesanpedro.com.ar\/sitio\/wp-json\/wp\/v2\/categories?post=106525"},{"taxonomy":"post_tag","embeddable":true,"href":"https:\/\/eldiariodesanpedro.com.ar\/sitio\/wp-json\/wp\/v2\/tags?post=106525"}],"curies":[{"name":"wp","href":"https:\/\/api.w.org\/{rel}","templated":true}]}}