{"id":106515,"date":"2022-04-29T18:24:11","date_gmt":"2022-04-29T21:24:11","guid":{"rendered":"https:\/\/eldiariodesanpedro.com.ar\/sitio\/?p=106515"},"modified":"2022-04-29T18:24:12","modified_gmt":"2022-04-29T21:24:12","slug":"se-recupera-motocicleta-abandonada-que-fue-robada-momentos-antes","status":"publish","type":"post","link":"https:\/\/eldiariodesanpedro.com.ar\/sitio\/se-recupera-motocicleta-abandonada-que-fue-robada-momentos-antes\/","title":{"rendered":"Se recupera motocicleta abandonada que fue robada momentos antes"},"content":{"rendered":"<!-- VideographyWP Plugin Message: Automatic video embedding prevented by plugin options. -->\n\n<p>Anoche el personal del Gabinete Criminol\u00f3gico de la Comisar\u00eda, en calle Juan de Garay sin n\u00famero cercan\u00edas del Buque Museo, procedi\u00f3 al hallazgo y secuestro de motocicleta 110 cc, abandonada, la cual fuera denunciada como sustra\u00edda sin violencia horas antes por una mujer de 41 a\u00f1os de edad, y que se encontraba interior estacionamiento privado de calle Miguel Porta y Balcarce.&nbsp;<\/p>\n\n\n\n<p>Se procura individualizar la autor\u00eda del hecho. La mujer recuper\u00f3 la moto secuestrada. Interviene la fiscal\u00eda local<\/p>\n","protected":false},"excerpt":{"rendered":"<p>Anoche el personal del Gabinete Criminol\u00f3gico de la Comisar\u00eda, en calle Juan de Garay sin n\u00famero cercan\u00edas del Buque Museo, procedi\u00f3 al hallazgo y secuestro de motocicleta 110 cc, abandonada, la cual fuera denunciada como sustra\u00edda sin violencia horas antes por una mujer de 41 a\u00f1os de edad, y que se encontraba interior estacionamiento privado [&hellip;]<\/p>\n","protected":false},"author":4,"featured_media":106516,"comment_status":"closed","ping_status":"closed","sticky":false,"template":"","format":"standard","meta":{"om_disable_all_campaigns":false,"_jetpack_memberships_contains_paid_content":false,"footnotes":""},"categories":[2,103],"tags":[197,33,95,19],"class_list":["post-106515","post","type-post","status-publish","format-standard","has-post-thumbnail","hentry","category-locales","category-policiales-locales","tag-buenos-aires","tag-locales","tag-policiales","tag-san-pedro"],"aioseo_notices":[],"gutentor_comment":0,"jetpack_featured_media_url":"https:\/\/eldiariodesanpedro.com.ar\/sitio\/wp-content\/uploads\/2022\/04\/WhatsApp-Image-2022-04-29-at-9.28.18-AM.jpeg","jetpack_shortlink":"https:\/\/wp.me\/p6RhLt-rHZ","jetpack_sharing_enabled":true,"_links":{"self":[{"href":"https:\/\/eldiariodesanpedro.com.ar\/sitio\/wp-json\/wp\/v2\/posts\/106515","targetHints":{"allow":["GET"]}}],"collection":[{"href":"https:\/\/eldiariodesanpedro.com.ar\/sitio\/wp-json\/wp\/v2\/posts"}],"about":[{"href":"https:\/\/eldiariodesanpedro.com.ar\/sitio\/wp-json\/wp\/v2\/types\/post"}],"author":[{"embeddable":true,"href":"https:\/\/eldiariodesanpedro.com.ar\/sitio\/wp-json\/wp\/v2\/users\/4"}],"replies":[{"embeddable":true,"href":"https:\/\/eldiariodesanpedro.com.ar\/sitio\/wp-json\/wp\/v2\/comments?post=106515"}],"version-history":[{"count":1,"href":"https:\/\/eldiariodesanpedro.com.ar\/sitio\/wp-json\/wp\/v2\/posts\/106515\/revisions"}],"predecessor-version":[{"id":106517,"href":"https:\/\/eldiariodesanpedro.com.ar\/sitio\/wp-json\/wp\/v2\/posts\/106515\/revisions\/106517"}],"wp:featuredmedia":[{"embeddable":true,"href":"https:\/\/eldiariodesanpedro.com.ar\/sitio\/wp-json\/wp\/v2\/media\/106516"}],"wp:attachment":[{"href":"https:\/\/eldiariodesanpedro.com.ar\/sitio\/wp-json\/wp\/v2\/media?parent=106515"}],"wp:term":[{"taxonomy":"category","embeddable":true,"href":"https:\/\/eldiariodesanpedro.com.ar\/sitio\/wp-json\/wp\/v2\/categories?post=106515"},{"taxonomy":"post_tag","embeddable":true,"href":"https:\/\/eldiariodesanpedro.com.ar\/sitio\/wp-json\/wp\/v2\/tags?post=106515"}],"curies":[{"name":"wp","href":"https:\/\/api.w.org\/{rel}","templated":true}]}}