{"id":106509,"date":"2022-04-29T17:17:39","date_gmt":"2022-04-29T20:17:39","guid":{"rendered":"https:\/\/eldiariodesanpedro.com.ar\/sitio\/?p=106509"},"modified":"2022-04-29T17:17:40","modified_gmt":"2022-04-29T20:17:40","slug":"joven-de-16-anos-de-edad-detenido-por-caso-de-robo-agravado%ef%bf%bc","status":"publish","type":"post","link":"https:\/\/eldiariodesanpedro.com.ar\/sitio\/joven-de-16-anos-de-edad-detenido-por-caso-de-robo-agravado%ef%bf%bc\/","title":{"rendered":"Joven de 16 a\u00f1os de edad detenido por caso de robo agravado\ufffc"},"content":{"rendered":"<!-- VideographyWP Plugin Message: Automatic video embedding prevented by plugin options. -->\n\n<p>En la madrugada de hoy promediando las 04 horas el personal de la Comisar\u00eda local en un amplio operativo policial, diligencio senda orden de allanamiento en calle Gral. Pueyrredon al 1500.&nbsp;<\/p>\n\n\n\n<p>All\u00ed se efectiviz\u00f3 la detenci\u00f3n de delincuente pr\u00f3fugo de la justicia, masculino de 16 a\u00f1os de edad, en orden al delito de robo calificado en San Pedro.&nbsp;<\/p>\n\n\n\n<p>El detenido permanece a disposici\u00f3n de la justicia juvenil de San Nicol\u00e1s, a la espera de reubicaci\u00f3n en centro acorde.&nbsp;<\/p>\n\n\n\n<p>El mismo hab\u00eda sido capturado por la polic\u00eda de la comisar\u00eda local el pasado 10 de diciembre, en un megaoperativo realizado en Barrio Hermano Indios, junto a su hermano y otros dos menores m\u00e1s, por hecho de robo calificado.&nbsp;<\/p>\n\n\n\n<p>De all\u00ed fue trasladado a centro de detenci\u00f3n en la ciudad de La Plata, y posterior a centro de detenci\u00f3n de la ciudad de Mercedes, de donde se fug\u00f3 y se hallaba pr\u00f3fugo de la Justicia. Asimismo se determin\u00f3 que el ahora capturado, result\u00f3 autor material del hecho de lesiones agravadas, cuando con arma blanca lesion\u00f3 a otro masculino mayor de edad el pasado s\u00e1bado.<\/p>\n","protected":false},"excerpt":{"rendered":"<p>En la madrugada de hoy promediando las 04 horas el personal de la Comisar\u00eda local en un amplio operativo policial, diligencio senda orden de allanamiento en calle Gral. Pueyrredon al 1500.&nbsp; All\u00ed se efectiviz\u00f3 la detenci\u00f3n de delincuente pr\u00f3fugo de la justicia, masculino de 16 a\u00f1os de edad, en orden al delito de robo calificado [&hellip;]<\/p>\n","protected":false},"author":4,"featured_media":67079,"comment_status":"closed","ping_status":"closed","sticky":false,"template":"","format":"standard","meta":{"om_disable_all_campaigns":false,"_jetpack_memberships_contains_paid_content":false,"footnotes":""},"categories":[50,2,103],"tags":[197,33,95,19],"class_list":["post-106509","post","type-post","status-publish","format-standard","has-post-thumbnail","hentry","category-destacadas","category-locales","category-policiales-locales","tag-buenos-aires","tag-locales","tag-policiales","tag-san-pedro"],"aioseo_notices":[],"gutentor_comment":0,"jetpack_featured_media_url":"https:\/\/eldiariodesanpedro.com.ar\/sitio\/wp-content\/uploads\/2020\/01\/menor-detenido3.jpg","jetpack_shortlink":"https:\/\/wp.me\/p6RhLt-rHT","jetpack_sharing_enabled":true,"_links":{"self":[{"href":"https:\/\/eldiariodesanpedro.com.ar\/sitio\/wp-json\/wp\/v2\/posts\/106509","targetHints":{"allow":["GET"]}}],"collection":[{"href":"https:\/\/eldiariodesanpedro.com.ar\/sitio\/wp-json\/wp\/v2\/posts"}],"about":[{"href":"https:\/\/eldiariodesanpedro.com.ar\/sitio\/wp-json\/wp\/v2\/types\/post"}],"author":[{"embeddable":true,"href":"https:\/\/eldiariodesanpedro.com.ar\/sitio\/wp-json\/wp\/v2\/users\/4"}],"replies":[{"embeddable":true,"href":"https:\/\/eldiariodesanpedro.com.ar\/sitio\/wp-json\/wp\/v2\/comments?post=106509"}],"version-history":[{"count":1,"href":"https:\/\/eldiariodesanpedro.com.ar\/sitio\/wp-json\/wp\/v2\/posts\/106509\/revisions"}],"predecessor-version":[{"id":106510,"href":"https:\/\/eldiariodesanpedro.com.ar\/sitio\/wp-json\/wp\/v2\/posts\/106509\/revisions\/106510"}],"wp:featuredmedia":[{"embeddable":true,"href":"https:\/\/eldiariodesanpedro.com.ar\/sitio\/wp-json\/wp\/v2\/media\/67079"}],"wp:attachment":[{"href":"https:\/\/eldiariodesanpedro.com.ar\/sitio\/wp-json\/wp\/v2\/media?parent=106509"}],"wp:term":[{"taxonomy":"category","embeddable":true,"href":"https:\/\/eldiariodesanpedro.com.ar\/sitio\/wp-json\/wp\/v2\/categories?post=106509"},{"taxonomy":"post_tag","embeddable":true,"href":"https:\/\/eldiariodesanpedro.com.ar\/sitio\/wp-json\/wp\/v2\/tags?post=106509"}],"curies":[{"name":"wp","href":"https:\/\/api.w.org\/{rel}","templated":true}]}}