{"id":106506,"date":"2022-04-29T10:18:49","date_gmt":"2022-04-29T13:18:49","guid":{"rendered":"https:\/\/eldiariodesanpedro.com.ar\/sitio\/?p=106506"},"modified":"2022-04-29T10:18:50","modified_gmt":"2022-04-29T13:18:50","slug":"nuevo-curso-gratuito-del-ccit-como-convertir-una-idea-en-un-emprendimiento%ef%bf%bc","status":"publish","type":"post","link":"https:\/\/eldiariodesanpedro.com.ar\/sitio\/nuevo-curso-gratuito-del-ccit-como-convertir-una-idea-en-un-emprendimiento%ef%bf%bc\/","title":{"rendered":"Nuevo Curso gratuito del CCIT \u00bfC\u00f3mo convertir una idea en un emprendimiento?\ufffc"},"content":{"rendered":"<!-- VideographyWP Plugin Message: Automatic video embedding prevented by plugin options. -->\n\n<p>Est\u00e1 previsto para los d\u00edas 11 y 12 de mayo de 13 a 15, un nuevo curso gratuito organizado por el Centro de Comercio Industria y Turismo, abierto a todos los interesados en incorporar nuevas herramientas de capacitaci\u00f3n para sus actividades.<\/p>\n\n\n\n<p>Ser\u00e1 a trav\u00e9s de ZOOM y est\u00e1 dirigido a emprendedores en estad\u00edo idea-proyecto, p\u00fablico en general, estudiantes, propietarios de negocios y PYMES, con clases a cargo de la Licenciada en Comercializaci\u00f3n Mar\u00eda Florencia Michaut.<\/p>\n\n\n\n<p>Los interesados pueden inscribirse completando el formulario que se encuentra disponible en el sitio web oficial&nbsp;<a href=\"http:\/\/centrodecomerciosp.org.ar\/\" target=\"_blank\" rel=\"noreferrer noopener\">centrodecomerciosp.org.ar<\/a>&nbsp;y en las redes sociales oficiales de la entidad.<\/p>\n\n\n\n<p>Dentro de los temas incluidos en los m\u00f3dulos se destacan, conversi\u00f3n de una idea en un proyecto de negocios, introducci\u00f3n a la metodolog\u00eda CANVAS, dise\u00f1o de modelo de negocios y propuesta de valor, definici\u00f3n de segmentos de mercado, canales venta y comunicaci\u00f3n, alianzas estrat\u00e9gicas y an\u00e1lisis de costos.<\/p>\n","protected":false},"excerpt":{"rendered":"<p>Est\u00e1 previsto para los d\u00edas 11 y 12 de mayo de 13 a 15, un nuevo curso gratuito organizado por el Centro de Comercio Industria y Turismo, abierto a todos los interesados en incorporar nuevas herramientas de capacitaci\u00f3n para sus actividades. Ser\u00e1 a trav\u00e9s de ZOOM y est\u00e1 dirigido a emprendedores en estad\u00edo idea-proyecto, p\u00fablico [&hellip;]<\/p>\n","protected":false},"author":4,"featured_media":106507,"comment_status":"closed","ping_status":"closed","sticky":false,"template":"","format":"standard","meta":{"om_disable_all_campaigns":false,"_jetpack_memberships_contains_paid_content":false,"footnotes":""},"categories":[101,2],"tags":[197,696,33,19],"class_list":["post-106506","post","type-post","status-publish","format-standard","has-post-thumbnail","hentry","category-interes-general-locales","category-locales","tag-buenos-aires","tag-interes-general","tag-locales","tag-san-pedro"],"aioseo_notices":[],"gutentor_comment":0,"jetpack_featured_media_url":"https:\/\/eldiariodesanpedro.com.ar\/sitio\/wp-content\/uploads\/2022\/04\/curso.jpeg","jetpack_shortlink":"https:\/\/wp.me\/p6RhLt-rHQ","jetpack_sharing_enabled":true,"_links":{"self":[{"href":"https:\/\/eldiariodesanpedro.com.ar\/sitio\/wp-json\/wp\/v2\/posts\/106506","targetHints":{"allow":["GET"]}}],"collection":[{"href":"https:\/\/eldiariodesanpedro.com.ar\/sitio\/wp-json\/wp\/v2\/posts"}],"about":[{"href":"https:\/\/eldiariodesanpedro.com.ar\/sitio\/wp-json\/wp\/v2\/types\/post"}],"author":[{"embeddable":true,"href":"https:\/\/eldiariodesanpedro.com.ar\/sitio\/wp-json\/wp\/v2\/users\/4"}],"replies":[{"embeddable":true,"href":"https:\/\/eldiariodesanpedro.com.ar\/sitio\/wp-json\/wp\/v2\/comments?post=106506"}],"version-history":[{"count":1,"href":"https:\/\/eldiariodesanpedro.com.ar\/sitio\/wp-json\/wp\/v2\/posts\/106506\/revisions"}],"predecessor-version":[{"id":106508,"href":"https:\/\/eldiariodesanpedro.com.ar\/sitio\/wp-json\/wp\/v2\/posts\/106506\/revisions\/106508"}],"wp:featuredmedia":[{"embeddable":true,"href":"https:\/\/eldiariodesanpedro.com.ar\/sitio\/wp-json\/wp\/v2\/media\/106507"}],"wp:attachment":[{"href":"https:\/\/eldiariodesanpedro.com.ar\/sitio\/wp-json\/wp\/v2\/media?parent=106506"}],"wp:term":[{"taxonomy":"category","embeddable":true,"href":"https:\/\/eldiariodesanpedro.com.ar\/sitio\/wp-json\/wp\/v2\/categories?post=106506"},{"taxonomy":"post_tag","embeddable":true,"href":"https:\/\/eldiariodesanpedro.com.ar\/sitio\/wp-json\/wp\/v2\/tags?post=106506"}],"curies":[{"name":"wp","href":"https:\/\/api.w.org\/{rel}","templated":true}]}}