{"id":106486,"date":"2022-04-28T18:25:06","date_gmt":"2022-04-28T21:25:06","guid":{"rendered":"https:\/\/eldiariodesanpedro.com.ar\/sitio\/?p=106486"},"modified":"2022-04-28T18:25:07","modified_gmt":"2022-04-28T21:25:07","slug":"agenda-de-actividades-para-el-proximo-fin-de-semana-2","status":"publish","type":"post","link":"https:\/\/eldiariodesanpedro.com.ar\/sitio\/agenda-de-actividades-para-el-proximo-fin-de-semana-2\/","title":{"rendered":"Agenda de actividades para el pr\u00f3ximo fin de semana"},"content":{"rendered":"<!-- VideographyWP Plugin Message: Automatic video embedding prevented by plugin options. -->\n\n<p>Esta ma\u00f1ana fueron presentadas las actividades culturales que se llevar\u00e1n a cabo este fin de semana en la ciudad y localidades a trav\u00e9s de una conferencia de prensa de la que participaron la secretaria de Turismo y Cultura Marcela Cu\u00f1er, Dar\u00edo Benitez trabajador del \u00e1rea y Natalia Romero junto a Fernando Picasso en representaci\u00f3n del grupo de tango \u201cLa Glorieta de San Pedro\u201d conformado por distintas escuelas de tango que llevan adelante el proyecto de construir un espacio en Plaza Belgrano donde desarrollar el Tango y otros tipos de danzas.<\/p>\n\n\n\n<p>El s\u00e1bado 30 de abril a las 15.00 hs y en continuidad de los festejos por su 109\u00b0 aniversario se presentar\u00e1n en la plaza Juan Bautista Zucchi: Luli Castro, el grupo Pasi\u00f3n Comercial, grupos de Tango, Claudio Mart\u00edn, Zumba a cargo de Daniela Melgar, folklore, visi\u00f3n rock, Agust\u00edn C\u00e1ceres y Naza Colazo. Adem\u00e1s, se dispondr\u00e1n diferentes estands con exposici\u00f3n de artesanos, emprendedores e instituciones.<\/p>\n\n\n\n<p>Por su parte, la Biblioteca Popular Rafael Obligado, en el marco de los festejos por su 150\u00b0 aniversario presentar\u00e1 la muestra \u201cDespertar Inesperado\u201d de Alexia D\u00edaz el s\u00e1bado a las 19.00 hs.<\/p>\n\n\n\n<p>En el paraje La Buena Moza se llevar\u00e1 a cabo este s\u00e1bado a las 21 hs. una pe\u00f1a solidaria para recaudar fondos con el fin de solventar los gastos de viaje para que Jes\u00fas y Claudia, bailarines de San Pedro, puedan asistir y representar a nuestro pa\u00eds bailando folclore en un festival que se realizar\u00e1 en M\u00e9xico.<\/p>\n\n\n\n<p>A las 21.30 hs, en el Centro Cultural Abelardo Castillo se presentar\u00e1 el grupo \u201cTransmutaci\u00f3n\u201d que realizar\u00e1 la obra \u201cUn a\u00f1o en la isla\u201d, se trata de una realizaci\u00f3n llevada a cabo a trav\u00e9s del Fondo de Cultura del HCD que se vio pospuesta a causa de la pandemia.<\/p>\n\n\n\n<p>El domingo 1 de mayo en plaza Belgrano a partir de las 18.00 hs se realizar\u00e1 \u201cLa Milonga de San Pedro\u201d, un festival de tango que contar\u00e1 con clases gratuitas de baile para principiantes, demostraciones de baile, milonga y cantores en conmemoraci\u00f3n de la \u00faltima visita realizada por Carlos Gardel a nuestra ciudad el 28 de abril de 1933 en el Teatro La Palma.<\/p>\n\n\n\n<p>Durante la conferencia de prensa realizada en la Secretar\u00eda de Turismo y Cultura tambi\u00e9n fueron presentados los talleres barriales del programa \u201cAnimate vos Vales\u201d que se desarrollar\u00e1n en Santa Luc\u00eda, Gobernador Castro, Vuelta de Obligado, Villa Depietri, teatro Siripo, el Cuadril\u00e1tero y el Centro Cultural Edgardo Casella , y del programa \u201cTalleres Barriales\u201d a trav\u00e9s del Fondo de Cultura del Honorable Concejo Deliberante y se desarrollar\u00e1n en Santa Luc\u00eda, Pueblo Doyle, Gobernador Castro, R\u00edo Tala, Bajo Tala, La Buena Moza, Vuelta de Obligado, La Tosquera y los barrios Hermano Indio, Barrio Futuro, Las Canaletas, El Amanecer, San Francisco, 2 de abril, San Juli\u00e1n, Mateo Sbert, Los Aromos, Villa Igoillo, Villa Depietri (Sede Envi\u00f3n), en el Tiro Federal, Centro Cultural Abelardo Castillo, Centro Cultural Edgardo Casella, Teatro Siripo y el Cuadril\u00e1tero.<\/p>\n\n\n\n<iframe data-src=\"https:\/\/www.facebook.com\/plugins\/video.php?height=286&#038;href=https%3A%2F%2Fwww.facebook.com%2Fdiariosp2%2Fvideos%2F464851032063776%2F&#038;show_text=false&#038;width=560&#038;t=0\" width=\"560\" height=\"286\" style=\"border:none;overflow:hidden\" scrolling=\"no\" frameborder=\"0\" allowfullscreen=\"true\" allow=\"autoplay; clipboard-write; encrypted-media; picture-in-picture; web-share\" allowFullScreen=\"true\" src=\"data:image\/svg+xml;base64,PHN2ZyB3aWR0aD0iMSIgaGVpZ2h0PSIxIiB4bWxucz0iaHR0cDovL3d3dy53My5vcmcvMjAwMC9zdmciPjwvc3ZnPg==\" class=\"lazyload\" data-load-mode=\"1\"><\/iframe>\n\n\n\n<figure class=\"wp-block-image size-full\"><img decoding=\"async\" width=\"370\" height=\"630\" data-attachment-id=\"106488\" data-permalink=\"https:\/\/eldiariodesanpedro.com.ar\/sitio\/agenda-de-actividades-para-el-proximo-fin-de-semana-2\/whatsapp-image-2022-04-28-at-6-00-38-pm\/\" data-orig-file=\"https:\/\/eldiariodesanpedro.com.ar\/sitio\/wp-content\/uploads\/2022\/04\/WhatsApp-Image-2022-04-28-at-6.00.38-PM.jpeg\" data-orig-size=\"370,630\" data-comments-opened=\"0\" data-image-meta=\"{&quot;aperture&quot;:&quot;0&quot;,&quot;credit&quot;:&quot;&quot;,&quot;camera&quot;:&quot;&quot;,&quot;caption&quot;:&quot;&quot;,&quot;created_timestamp&quot;:&quot;0&quot;,&quot;copyright&quot;:&quot;&quot;,&quot;focal_length&quot;:&quot;0&quot;,&quot;iso&quot;:&quot;0&quot;,&quot;shutter_speed&quot;:&quot;0&quot;,&quot;title&quot;:&quot;&quot;,&quot;orientation&quot;:&quot;0&quot;}\" data-image-title=\"WhatsApp Image 2022-04-28 at 6.00.38 PM\" data-image-description=\"\" data-image-caption=\"\" data-large-file=\"https:\/\/eldiariodesanpedro.com.ar\/sitio\/wp-content\/uploads\/2022\/04\/WhatsApp-Image-2022-04-28-at-6.00.38-PM.jpeg\" data-src=\"https:\/\/eldiariodesanpedro.com.ar\/sitio\/wp-content\/uploads\/2022\/04\/WhatsApp-Image-2022-04-28-at-6.00.38-PM.jpeg\" alt=\"\" class=\"wp-image-106488 lazyload\" data-srcset=\"https:\/\/eldiariodesanpedro.com.ar\/sitio\/wp-content\/uploads\/2022\/04\/WhatsApp-Image-2022-04-28-at-6.00.38-PM.jpeg 370w, https:\/\/eldiariodesanpedro.com.ar\/sitio\/wp-content\/uploads\/2022\/04\/WhatsApp-Image-2022-04-28-at-6.00.38-PM-176x300.jpeg 176w\" data-sizes=\"(max-width: 370px) 100vw, 370px\" src=\"data:image\/svg+xml;base64,PHN2ZyB3aWR0aD0iMSIgaGVpZ2h0PSIxIiB4bWxucz0iaHR0cDovL3d3dy53My5vcmcvMjAwMC9zdmciPjwvc3ZnPg==\" style=\"--smush-placeholder-width: 370px; --smush-placeholder-aspect-ratio: 370\/630;\" \/><\/figure>\n\n\n\n<figure class=\"wp-block-image size-full\"><img decoding=\"async\" width=\"354\" height=\"630\" data-attachment-id=\"106489\" data-permalink=\"https:\/\/eldiariodesanpedro.com.ar\/sitio\/agenda-de-actividades-para-el-proximo-fin-de-semana-2\/whatsapp-image-2022-04-28-at-6-00-39-pm-1\/\" data-orig-file=\"https:\/\/eldiariodesanpedro.com.ar\/sitio\/wp-content\/uploads\/2022\/04\/WhatsApp-Image-2022-04-28-at-6.00.39-PM-1.jpeg\" data-orig-size=\"354,630\" data-comments-opened=\"0\" data-image-meta=\"{&quot;aperture&quot;:&quot;0&quot;,&quot;credit&quot;:&quot;&quot;,&quot;camera&quot;:&quot;&quot;,&quot;caption&quot;:&quot;&quot;,&quot;created_timestamp&quot;:&quot;0&quot;,&quot;copyright&quot;:&quot;&quot;,&quot;focal_length&quot;:&quot;0&quot;,&quot;iso&quot;:&quot;0&quot;,&quot;shutter_speed&quot;:&quot;0&quot;,&quot;title&quot;:&quot;&quot;,&quot;orientation&quot;:&quot;0&quot;}\" data-image-title=\"WhatsApp Image 2022-04-28 at 6.00.39 PM (1)\" data-image-description=\"\" data-image-caption=\"\" data-large-file=\"https:\/\/eldiariodesanpedro.com.ar\/sitio\/wp-content\/uploads\/2022\/04\/WhatsApp-Image-2022-04-28-at-6.00.39-PM-1.jpeg\" data-src=\"https:\/\/eldiariodesanpedro.com.ar\/sitio\/wp-content\/uploads\/2022\/04\/WhatsApp-Image-2022-04-28-at-6.00.39-PM-1.jpeg\" alt=\"\" class=\"wp-image-106489 lazyload\" data-srcset=\"https:\/\/eldiariodesanpedro.com.ar\/sitio\/wp-content\/uploads\/2022\/04\/WhatsApp-Image-2022-04-28-at-6.00.39-PM-1.jpeg 354w, https:\/\/eldiariodesanpedro.com.ar\/sitio\/wp-content\/uploads\/2022\/04\/WhatsApp-Image-2022-04-28-at-6.00.39-PM-1-169x300.jpeg 169w\" data-sizes=\"(max-width: 354px) 100vw, 354px\" src=\"data:image\/svg+xml;base64,PHN2ZyB3aWR0aD0iMSIgaGVpZ2h0PSIxIiB4bWxucz0iaHR0cDovL3d3dy53My5vcmcvMjAwMC9zdmciPjwvc3ZnPg==\" style=\"--smush-placeholder-width: 354px; --smush-placeholder-aspect-ratio: 354\/630;\" \/><\/figure>\n\n\n\n<figure class=\"wp-block-image size-full\"><img decoding=\"async\" width=\"630\" height=\"630\" data-attachment-id=\"106490\" data-permalink=\"https:\/\/eldiariodesanpedro.com.ar\/sitio\/agenda-de-actividades-para-el-proximo-fin-de-semana-2\/whatsapp-image-2022-04-28-at-6-00-39-pm\/\" data-orig-file=\"https:\/\/eldiariodesanpedro.com.ar\/sitio\/wp-content\/uploads\/2022\/04\/WhatsApp-Image-2022-04-28-at-6.00.39-PM.jpeg\" data-orig-size=\"630,630\" data-comments-opened=\"0\" data-image-meta=\"{&quot;aperture&quot;:&quot;0&quot;,&quot;credit&quot;:&quot;&quot;,&quot;camera&quot;:&quot;&quot;,&quot;caption&quot;:&quot;&quot;,&quot;created_timestamp&quot;:&quot;0&quot;,&quot;copyright&quot;:&quot;&quot;,&quot;focal_length&quot;:&quot;0&quot;,&quot;iso&quot;:&quot;0&quot;,&quot;shutter_speed&quot;:&quot;0&quot;,&quot;title&quot;:&quot;&quot;,&quot;orientation&quot;:&quot;0&quot;}\" data-image-title=\"WhatsApp Image 2022-04-28 at 6.00.39 PM\" data-image-description=\"\" data-image-caption=\"\" data-large-file=\"https:\/\/eldiariodesanpedro.com.ar\/sitio\/wp-content\/uploads\/2022\/04\/WhatsApp-Image-2022-04-28-at-6.00.39-PM.jpeg\" data-src=\"https:\/\/eldiariodesanpedro.com.ar\/sitio\/wp-content\/uploads\/2022\/04\/WhatsApp-Image-2022-04-28-at-6.00.39-PM.jpeg\" alt=\"\" class=\"wp-image-106490 lazyload\" data-srcset=\"https:\/\/eldiariodesanpedro.com.ar\/sitio\/wp-content\/uploads\/2022\/04\/WhatsApp-Image-2022-04-28-at-6.00.39-PM.jpeg 630w, https:\/\/eldiariodesanpedro.com.ar\/sitio\/wp-content\/uploads\/2022\/04\/WhatsApp-Image-2022-04-28-at-6.00.39-PM-300x300.jpeg 300w, https:\/\/eldiariodesanpedro.com.ar\/sitio\/wp-content\/uploads\/2022\/04\/WhatsApp-Image-2022-04-28-at-6.00.39-PM-150x150.jpeg 150w\" data-sizes=\"(max-width: 630px) 100vw, 630px\" src=\"data:image\/svg+xml;base64,PHN2ZyB3aWR0aD0iMSIgaGVpZ2h0PSIxIiB4bWxucz0iaHR0cDovL3d3dy53My5vcmcvMjAwMC9zdmciPjwvc3ZnPg==\" style=\"--smush-placeholder-width: 630px; --smush-placeholder-aspect-ratio: 630\/630;\" \/><\/figure>\n\n\n\n<figure class=\"wp-block-image size-full\"><img decoding=\"async\" width=\"720\" height=\"604\" data-attachment-id=\"106491\" data-permalink=\"https:\/\/eldiariodesanpedro.com.ar\/sitio\/agenda-de-actividades-para-el-proximo-fin-de-semana-2\/whatsapp-image-2022-04-28-at-6-00-40-pm\/\" data-orig-file=\"https:\/\/eldiariodesanpedro.com.ar\/sitio\/wp-content\/uploads\/2022\/04\/WhatsApp-Image-2022-04-28-at-6.00.40-PM.jpeg\" data-orig-size=\"720,604\" data-comments-opened=\"0\" data-image-meta=\"{&quot;aperture&quot;:&quot;0&quot;,&quot;credit&quot;:&quot;&quot;,&quot;camera&quot;:&quot;&quot;,&quot;caption&quot;:&quot;&quot;,&quot;created_timestamp&quot;:&quot;0&quot;,&quot;copyright&quot;:&quot;&quot;,&quot;focal_length&quot;:&quot;0&quot;,&quot;iso&quot;:&quot;0&quot;,&quot;shutter_speed&quot;:&quot;0&quot;,&quot;title&quot;:&quot;&quot;,&quot;orientation&quot;:&quot;0&quot;}\" data-image-title=\"WhatsApp Image 2022-04-28 at 6.00.40 PM\" data-image-description=\"\" data-image-caption=\"\" data-large-file=\"https:\/\/eldiariodesanpedro.com.ar\/sitio\/wp-content\/uploads\/2022\/04\/WhatsApp-Image-2022-04-28-at-6.00.40-PM.jpeg\" data-src=\"https:\/\/eldiariodesanpedro.com.ar\/sitio\/wp-content\/uploads\/2022\/04\/WhatsApp-Image-2022-04-28-at-6.00.40-PM.jpeg\" alt=\"\" class=\"wp-image-106491 lazyload\" data-srcset=\"https:\/\/eldiariodesanpedro.com.ar\/sitio\/wp-content\/uploads\/2022\/04\/WhatsApp-Image-2022-04-28-at-6.00.40-PM.jpeg 720w, https:\/\/eldiariodesanpedro.com.ar\/sitio\/wp-content\/uploads\/2022\/04\/WhatsApp-Image-2022-04-28-at-6.00.40-PM-300x252.jpeg 300w\" data-sizes=\"(max-width: 720px) 100vw, 720px\" src=\"data:image\/svg+xml;base64,PHN2ZyB3aWR0aD0iMSIgaGVpZ2h0PSIxIiB4bWxucz0iaHR0cDovL3d3dy53My5vcmcvMjAwMC9zdmciPjwvc3ZnPg==\" style=\"--smush-placeholder-width: 720px; --smush-placeholder-aspect-ratio: 720\/604;\" \/><\/figure>\n","protected":false},"excerpt":{"rendered":"<p>Esta ma\u00f1ana fueron presentadas las actividades culturales que se llevar\u00e1n a cabo este fin de semana en la ciudad y localidades a trav\u00e9s de una conferencia de prensa de la que participaron la secretaria de Turismo y Cultura Marcela Cu\u00f1er, Dar\u00edo Benitez trabajador del \u00e1rea y Natalia Romero junto a Fernando Picasso en representaci\u00f3n del [&hellip;]<\/p>\n","protected":false},"author":4,"featured_media":106487,"comment_status":"closed","ping_status":"closed","sticky":false,"template":"","format":"standard","meta":{"om_disable_all_campaigns":false,"_jetpack_memberships_contains_paid_content":false,"footnotes":""},"categories":[50,101,2],"tags":[197,696,33,19],"class_list":["post-106486","post","type-post","status-publish","format-standard","has-post-thumbnail","hentry","category-destacadas","category-interes-general-locales","category-locales","tag-buenos-aires","tag-interes-general","tag-locales","tag-san-pedro"],"aioseo_notices":[],"gutentor_comment":0,"jetpack_featured_media_url":"https:\/\/eldiariodesanpedro.com.ar\/sitio\/wp-content\/uploads\/2022\/04\/WhatsApp-Image-2022-04-28-at-6.00.37-PM.jpeg","jetpack_shortlink":"https:\/\/wp.me\/p6RhLt-rHw","jetpack_sharing_enabled":true,"_links":{"self":[{"href":"https:\/\/eldiariodesanpedro.com.ar\/sitio\/wp-json\/wp\/v2\/posts\/106486","targetHints":{"allow":["GET"]}}],"collection":[{"href":"https:\/\/eldiariodesanpedro.com.ar\/sitio\/wp-json\/wp\/v2\/posts"}],"about":[{"href":"https:\/\/eldiariodesanpedro.com.ar\/sitio\/wp-json\/wp\/v2\/types\/post"}],"author":[{"embeddable":true,"href":"https:\/\/eldiariodesanpedro.com.ar\/sitio\/wp-json\/wp\/v2\/users\/4"}],"replies":[{"embeddable":true,"href":"https:\/\/eldiariodesanpedro.com.ar\/sitio\/wp-json\/wp\/v2\/comments?post=106486"}],"version-history":[{"count":1,"href":"https:\/\/eldiariodesanpedro.com.ar\/sitio\/wp-json\/wp\/v2\/posts\/106486\/revisions"}],"predecessor-version":[{"id":106494,"href":"https:\/\/eldiariodesanpedro.com.ar\/sitio\/wp-json\/wp\/v2\/posts\/106486\/revisions\/106494"}],"wp:featuredmedia":[{"embeddable":true,"href":"https:\/\/eldiariodesanpedro.com.ar\/sitio\/wp-json\/wp\/v2\/media\/106487"}],"wp:attachment":[{"href":"https:\/\/eldiariodesanpedro.com.ar\/sitio\/wp-json\/wp\/v2\/media?parent=106486"}],"wp:term":[{"taxonomy":"category","embeddable":true,"href":"https:\/\/eldiariodesanpedro.com.ar\/sitio\/wp-json\/wp\/v2\/categories?post=106486"},{"taxonomy":"post_tag","embeddable":true,"href":"https:\/\/eldiariodesanpedro.com.ar\/sitio\/wp-json\/wp\/v2\/tags?post=106486"}],"curies":[{"name":"wp","href":"https:\/\/api.w.org\/{rel}","templated":true}]}}