{"id":106483,"date":"2022-04-28T17:42:05","date_gmt":"2022-04-28T20:42:05","guid":{"rendered":"https:\/\/eldiariodesanpedro.com.ar\/sitio\/?p=106483"},"modified":"2022-04-28T17:42:06","modified_gmt":"2022-04-28T20:42:06","slug":"la-camara-de-comercio-exterior-del-ccit-representada-en-un-encuentro-nacional-de-la-cac","status":"publish","type":"post","link":"https:\/\/eldiariodesanpedro.com.ar\/sitio\/la-camara-de-comercio-exterior-del-ccit-representada-en-un-encuentro-nacional-de-la-cac\/","title":{"rendered":"La C\u00e1mara de Comercio Exterior del CCIT representada en un encuentro nacional de la CAC"},"content":{"rendered":"<!-- VideographyWP Plugin Message: Automatic video embedding prevented by plugin options. -->\n\n<p>La C\u00e1mara Argentina de Comercio y Servicios (CAC) organiz\u00f3 este jueves 28 de abril una nueva edici\u00f3n del &nbsp;Encuentro Nacional de C\u00e1maras de Comercio Exterior, que cont\u00f3 con la participaci\u00f3n de representantes de entidades de esa actividad de todo el pa\u00eds.<\/p>\n\n\n\n<p>El Centro de Comercio, que cuenta con una C\u00e1mara de Comercio Exterior en la que participan empresarios locales, estuvo representado por el Presidente Ra\u00fal Cheyllada (tambi\u00e9n presidente de la C\u00e1mara) y el Vicepresidente Rafael Gomila.<\/p>\n\n\n\n<p>Durante la jornada expusieron Marcelo Grinman Presidente de la CAC, Marcelo Elizondo prosecretario de la CAC y presidente del Cap\u00edtulo Argentino de C\u00e1mara de Comercio Internacional, Vanina Stawera, jefa del departamento de Desarrollo Profesional y Mat\u00edas Bolis Wislon, Economista jefe de la entidad organizadora.<\/p>\n\n\n\n<p>La actividad se desarroll\u00f3 en el edificio de la CAC, volvi\u00f3 a ser presencial y al igual que en la jornada del mi\u00e9rcoles con la Conferencia de Comercio Internacional, se destac\u00f3 el regreso de estos espacios de intercambio y an\u00e1lisis con un temario muy interesante y un enriquecedor debate sobre las perspectivas con las que hoy se convive en un contexto post-pandemia, pero atravesado por m\u00faltiples variables geopol\u00edticas.<\/p>\n\n\n\n<p>A lo largo de las charlas volvi\u00f3 a ponerse de manifiesto la coyuntura econ\u00f3mica argentina, el potencial de nuestro pa\u00eds y las oportunidades que deber\u00edan aprovecharse para generar una actividad econ\u00f3mica mayor que apuntale la recuperaci\u00f3n que buscan todos los sectores.<\/p>\n","protected":false},"excerpt":{"rendered":"<p>La C\u00e1mara Argentina de Comercio y Servicios (CAC) organiz\u00f3 este jueves 28 de abril una nueva edici\u00f3n del &nbsp;Encuentro Nacional de C\u00e1maras de Comercio Exterior, que cont\u00f3 con la participaci\u00f3n de representantes de entidades de esa actividad de todo el pa\u00eds. El Centro de Comercio, que cuenta con una C\u00e1mara de Comercio Exterior en la [&hellip;]<\/p>\n","protected":false},"author":4,"featured_media":106484,"comment_status":"closed","ping_status":"closed","sticky":false,"template":"","format":"standard","meta":{"om_disable_all_campaigns":false,"_jetpack_memberships_contains_paid_content":false,"footnotes":""},"categories":[101,2],"tags":[197,696,33,19],"class_list":["post-106483","post","type-post","status-publish","format-standard","has-post-thumbnail","hentry","category-interes-general-locales","category-locales","tag-buenos-aires","tag-interes-general","tag-locales","tag-san-pedro"],"aioseo_notices":[],"gutentor_comment":0,"jetpack_featured_media_url":"https:\/\/eldiariodesanpedro.com.ar\/sitio\/wp-content\/uploads\/2022\/04\/medida-10.jpg","jetpack_shortlink":"https:\/\/wp.me\/p6RhLt-rHt","jetpack_sharing_enabled":true,"_links":{"self":[{"href":"https:\/\/eldiariodesanpedro.com.ar\/sitio\/wp-json\/wp\/v2\/posts\/106483","targetHints":{"allow":["GET"]}}],"collection":[{"href":"https:\/\/eldiariodesanpedro.com.ar\/sitio\/wp-json\/wp\/v2\/posts"}],"about":[{"href":"https:\/\/eldiariodesanpedro.com.ar\/sitio\/wp-json\/wp\/v2\/types\/post"}],"author":[{"embeddable":true,"href":"https:\/\/eldiariodesanpedro.com.ar\/sitio\/wp-json\/wp\/v2\/users\/4"}],"replies":[{"embeddable":true,"href":"https:\/\/eldiariodesanpedro.com.ar\/sitio\/wp-json\/wp\/v2\/comments?post=106483"}],"version-history":[{"count":1,"href":"https:\/\/eldiariodesanpedro.com.ar\/sitio\/wp-json\/wp\/v2\/posts\/106483\/revisions"}],"predecessor-version":[{"id":106485,"href":"https:\/\/eldiariodesanpedro.com.ar\/sitio\/wp-json\/wp\/v2\/posts\/106483\/revisions\/106485"}],"wp:featuredmedia":[{"embeddable":true,"href":"https:\/\/eldiariodesanpedro.com.ar\/sitio\/wp-json\/wp\/v2\/media\/106484"}],"wp:attachment":[{"href":"https:\/\/eldiariodesanpedro.com.ar\/sitio\/wp-json\/wp\/v2\/media?parent=106483"}],"wp:term":[{"taxonomy":"category","embeddable":true,"href":"https:\/\/eldiariodesanpedro.com.ar\/sitio\/wp-json\/wp\/v2\/categories?post=106483"},{"taxonomy":"post_tag","embeddable":true,"href":"https:\/\/eldiariodesanpedro.com.ar\/sitio\/wp-json\/wp\/v2\/tags?post=106483"}],"curies":[{"name":"wp","href":"https:\/\/api.w.org\/{rel}","templated":true}]}}