{"id":106480,"date":"2022-04-28T17:28:57","date_gmt":"2022-04-28T20:28:57","guid":{"rendered":"https:\/\/eldiariodesanpedro.com.ar\/sitio\/?p=106480"},"modified":"2022-04-28T17:28:58","modified_gmt":"2022-04-28T20:28:58","slug":"se-recupero-un-celular-robado-en-un-comercio","status":"publish","type":"post","link":"https:\/\/eldiariodesanpedro.com.ar\/sitio\/se-recupero-un-celular-robado-en-un-comercio\/","title":{"rendered":"Se recupero un celular robado en un comercio"},"content":{"rendered":"<!-- VideographyWP Plugin Message: Automatic video embedding prevented by plugin options. -->\n\n<p>Anoche en la intersecci\u00f3n de las calles Salta e Italia, el personal policial de la comisar\u00eda local tras r\u00e1pido proceder logr\u00f3 la aprehensi\u00f3n de un delincuente de 27 a\u00f1os secuestrando tel\u00e9fono celular, que sustrajo sin violencia momentos antes en interior de comercio que se hallaba abierto al p\u00fablico ubicado en calle Belgrano al 1500, propiedad de masculino un ciudadano de 47 a\u00f1os el cual recuper\u00f3 el bien secuestrado.&nbsp;<\/p>\n\n\n\n<p>El delincuente fue puesto a disposici\u00f3n de la UFI 07.<\/p>\n","protected":false},"excerpt":{"rendered":"<p>Anoche en la intersecci\u00f3n de las calles Salta e Italia, el personal policial de la comisar\u00eda local tras r\u00e1pido proceder logr\u00f3 la aprehensi\u00f3n de un delincuente de 27 a\u00f1os secuestrando tel\u00e9fono celular, que sustrajo sin violencia momentos antes en interior de comercio que se hallaba abierto al p\u00fablico ubicado en calle Belgrano al 1500, propiedad [&hellip;]<\/p>\n","protected":false},"author":4,"featured_media":106481,"comment_status":"closed","ping_status":"closed","sticky":false,"template":"","format":"standard","meta":{"om_disable_all_campaigns":false,"_jetpack_memberships_contains_paid_content":false,"footnotes":""},"categories":[2,103],"tags":[197,33,95,19],"class_list":["post-106480","post","type-post","status-publish","format-standard","has-post-thumbnail","hentry","category-locales","category-policiales-locales","tag-buenos-aires","tag-locales","tag-policiales","tag-san-pedro"],"aioseo_notices":[],"gutentor_comment":0,"jetpack_featured_media_url":"https:\/\/eldiariodesanpedro.com.ar\/sitio\/wp-content\/uploads\/2022\/04\/Telefono-recuperado-.jpg","jetpack_shortlink":"https:\/\/wp.me\/p6RhLt-rHq","jetpack_sharing_enabled":true,"_links":{"self":[{"href":"https:\/\/eldiariodesanpedro.com.ar\/sitio\/wp-json\/wp\/v2\/posts\/106480","targetHints":{"allow":["GET"]}}],"collection":[{"href":"https:\/\/eldiariodesanpedro.com.ar\/sitio\/wp-json\/wp\/v2\/posts"}],"about":[{"href":"https:\/\/eldiariodesanpedro.com.ar\/sitio\/wp-json\/wp\/v2\/types\/post"}],"author":[{"embeddable":true,"href":"https:\/\/eldiariodesanpedro.com.ar\/sitio\/wp-json\/wp\/v2\/users\/4"}],"replies":[{"embeddable":true,"href":"https:\/\/eldiariodesanpedro.com.ar\/sitio\/wp-json\/wp\/v2\/comments?post=106480"}],"version-history":[{"count":1,"href":"https:\/\/eldiariodesanpedro.com.ar\/sitio\/wp-json\/wp\/v2\/posts\/106480\/revisions"}],"predecessor-version":[{"id":106482,"href":"https:\/\/eldiariodesanpedro.com.ar\/sitio\/wp-json\/wp\/v2\/posts\/106480\/revisions\/106482"}],"wp:featuredmedia":[{"embeddable":true,"href":"https:\/\/eldiariodesanpedro.com.ar\/sitio\/wp-json\/wp\/v2\/media\/106481"}],"wp:attachment":[{"href":"https:\/\/eldiariodesanpedro.com.ar\/sitio\/wp-json\/wp\/v2\/media?parent=106480"}],"wp:term":[{"taxonomy":"category","embeddable":true,"href":"https:\/\/eldiariodesanpedro.com.ar\/sitio\/wp-json\/wp\/v2\/categories?post=106480"},{"taxonomy":"post_tag","embeddable":true,"href":"https:\/\/eldiariodesanpedro.com.ar\/sitio\/wp-json\/wp\/v2\/tags?post=106480"}],"curies":[{"name":"wp","href":"https:\/\/api.w.org\/{rel}","templated":true}]}}