{"id":106472,"date":"2022-04-28T13:40:50","date_gmt":"2022-04-28T16:40:50","guid":{"rendered":"https:\/\/eldiariodesanpedro.com.ar\/sitio\/?p=106472"},"modified":"2022-04-28T13:40:51","modified_gmt":"2022-04-28T16:40:51","slug":"caminaba-por-la-calle-y-una-persona-le-rompio-la-cabeza-de-un-piedrazo%ef%bf%bc","status":"publish","type":"post","link":"https:\/\/eldiariodesanpedro.com.ar\/sitio\/caminaba-por-la-calle-y-una-persona-le-rompio-la-cabeza-de-un-piedrazo%ef%bf%bc\/","title":{"rendered":"Caminaba por la calle y una persona le rompi\u00f3 la cabeza de un piedrazo\ufffc"},"content":{"rendered":"<!-- VideographyWP Plugin Message: Automatic video embedding prevented by plugin options. -->\n\n<p>Este mi\u00e9rcoles en horas de la tarde un ciudadano de 28 a\u00f1os de edad se acerc\u00f3 a la comisar\u00eda local para realizar una denuncia que momentos&nbsp; antes cuando caminaba por la v\u00eda p\u00fablica, en calle Bozzano y La Laguna, es interceptado por otro ciudadano al que conoce con el cual posee problemas vieja data le arroja una piedra caus\u00e1ndole herida cortante en cuero cabelludo.&nbsp;<\/p>\n\n\n\n<p>El joven fue trasladado al nosocomio local donde recibi\u00f3 atenci\u00f3n m\u00e9dica comprobando que sufri\u00f3 heridas leves.&nbsp;<\/p>\n","protected":false},"excerpt":{"rendered":"<p>Este mi\u00e9rcoles en horas de la tarde un ciudadano de 28 a\u00f1os de edad se acerc\u00f3 a la comisar\u00eda local para realizar una denuncia que momentos&nbsp; antes cuando caminaba por la v\u00eda p\u00fablica, en calle Bozzano y La Laguna, es interceptado por otro ciudadano al que conoce con el cual posee problemas vieja data le [&hellip;]<\/p>\n","protected":false},"author":4,"featured_media":81053,"comment_status":"closed","ping_status":"closed","sticky":false,"template":"","format":"standard","meta":{"om_disable_all_campaigns":false,"_jetpack_memberships_contains_paid_content":false,"footnotes":""},"categories":[2,103],"tags":[197,33,95,19],"class_list":["post-106472","post","type-post","status-publish","format-standard","has-post-thumbnail","hentry","category-locales","category-policiales-locales","tag-buenos-aires","tag-locales","tag-policiales","tag-san-pedro"],"aioseo_notices":[],"gutentor_comment":0,"jetpack_featured_media_url":"https:\/\/eldiariodesanpedro.com.ar\/sitio\/wp-content\/uploads\/2020\/09\/guardia-940x528-1.jpg","jetpack_shortlink":"https:\/\/wp.me\/p6RhLt-rHi","jetpack_sharing_enabled":true,"_links":{"self":[{"href":"https:\/\/eldiariodesanpedro.com.ar\/sitio\/wp-json\/wp\/v2\/posts\/106472","targetHints":{"allow":["GET"]}}],"collection":[{"href":"https:\/\/eldiariodesanpedro.com.ar\/sitio\/wp-json\/wp\/v2\/posts"}],"about":[{"href":"https:\/\/eldiariodesanpedro.com.ar\/sitio\/wp-json\/wp\/v2\/types\/post"}],"author":[{"embeddable":true,"href":"https:\/\/eldiariodesanpedro.com.ar\/sitio\/wp-json\/wp\/v2\/users\/4"}],"replies":[{"embeddable":true,"href":"https:\/\/eldiariodesanpedro.com.ar\/sitio\/wp-json\/wp\/v2\/comments?post=106472"}],"version-history":[{"count":1,"href":"https:\/\/eldiariodesanpedro.com.ar\/sitio\/wp-json\/wp\/v2\/posts\/106472\/revisions"}],"predecessor-version":[{"id":106473,"href":"https:\/\/eldiariodesanpedro.com.ar\/sitio\/wp-json\/wp\/v2\/posts\/106472\/revisions\/106473"}],"wp:featuredmedia":[{"embeddable":true,"href":"https:\/\/eldiariodesanpedro.com.ar\/sitio\/wp-json\/wp\/v2\/media\/81053"}],"wp:attachment":[{"href":"https:\/\/eldiariodesanpedro.com.ar\/sitio\/wp-json\/wp\/v2\/media?parent=106472"}],"wp:term":[{"taxonomy":"category","embeddable":true,"href":"https:\/\/eldiariodesanpedro.com.ar\/sitio\/wp-json\/wp\/v2\/categories?post=106472"},{"taxonomy":"post_tag","embeddable":true,"href":"https:\/\/eldiariodesanpedro.com.ar\/sitio\/wp-json\/wp\/v2\/tags?post=106472"}],"curies":[{"name":"wp","href":"https:\/\/api.w.org\/{rel}","templated":true}]}}