{"id":106464,"date":"2022-04-28T13:14:49","date_gmt":"2022-04-28T16:14:49","guid":{"rendered":"https:\/\/eldiariodesanpedro.com.ar\/sitio\/?p=106464"},"modified":"2022-04-28T13:14:50","modified_gmt":"2022-04-28T16:14:50","slug":"presentacion-de-nuevo-equipamiento-en-el-hospital-municipal-emilio-ruffa","status":"publish","type":"post","link":"https:\/\/eldiariodesanpedro.com.ar\/sitio\/presentacion-de-nuevo-equipamiento-en-el-hospital-municipal-emilio-ruffa\/","title":{"rendered":"Presentaci\u00f3n de nuevo equipamiento en el Hospital Municipal Emilio Ruffa"},"content":{"rendered":"<!-- VideographyWP Plugin Message: Automatic video embedding prevented by plugin options. -->\n\n<p>La Secretar\u00eda de Salud y la Direcci\u00f3n del Hospital realizaron esta ma\u00f1ana la presentaci\u00f3n de equipamiento recientemente incorporado a la infraestructura del nosocmio. Las autoridades brindaron detalles sobre la importante inversi\u00f3n que ha sido posible con recursos propios, gracias las gestiones que lleva adelante la Direcci\u00f3n Administrativa.<\/p>\n\n\n\n<p>Fueron adquiridos un \u00abmicr\u00f3tomo\u00bb, equipo mec\u00e1nico de alta precisi\u00f3n que se utiliza en procedimientos quir\u00fargicos y carros de paro para sumar a los ya existentes y que resultan fundamentales para la atenci\u00f3n en salas y guardia.<\/p>\n\n\n\n<p>Del acto participaron el secretario de Salud Pablo Pichioni, la subsecretaria de Salud Lorena Elgoyhen, el director del Hospital Javier Sualdea, el director administrativo Roberto Borgo y la m\u00e9dica Pat\u00f3loga Claudina \u00c1lvarez, que explic\u00f3 el funcionamiento de la nueva adquisici\u00f3n con la que contar\u00e1 su \u00e1rea.<\/p>\n\n\n\n<p>El Hospital sigue fortaleciendo de esta manera su equipamiento y con la administraci\u00f3n de los ingresos que se generan por la atenci\u00f3n ofrecida a pacientes con obra social se incrementa la infraestructura de la Salud P\u00fablica sampedrina.<\/p>\n\n\n\n<figure class=\"wp-block-image size-large\"><img decoding=\"async\" width=\"1024\" height=\"543\" data-attachment-id=\"106467\" data-permalink=\"https:\/\/eldiariodesanpedro.com.ar\/sitio\/presentacion-de-nuevo-equipamiento-en-el-hospital-municipal-emilio-ruffa\/whatsapp-image-2022-04-28-at-1-04-39-pm-1\/\" data-orig-file=\"https:\/\/eldiariodesanpedro.com.ar\/sitio\/wp-content\/uploads\/2022\/04\/WhatsApp-Image-2022-04-28-at-1.04.39-PM-1.jpeg\" data-orig-size=\"1188,630\" data-comments-opened=\"0\" data-image-meta=\"{&quot;aperture&quot;:&quot;0&quot;,&quot;credit&quot;:&quot;&quot;,&quot;camera&quot;:&quot;&quot;,&quot;caption&quot;:&quot;&quot;,&quot;created_timestamp&quot;:&quot;0&quot;,&quot;copyright&quot;:&quot;&quot;,&quot;focal_length&quot;:&quot;0&quot;,&quot;iso&quot;:&quot;0&quot;,&quot;shutter_speed&quot;:&quot;0&quot;,&quot;title&quot;:&quot;&quot;,&quot;orientation&quot;:&quot;0&quot;}\" data-image-title=\"WhatsApp-Image-2022-04-28-at-1.04.39-PM-1\" data-image-description=\"\" data-image-caption=\"\" data-large-file=\"https:\/\/eldiariodesanpedro.com.ar\/sitio\/wp-content\/uploads\/2022\/04\/WhatsApp-Image-2022-04-28-at-1.04.39-PM-1-1024x543.jpeg\" data-src=\"https:\/\/eldiariodesanpedro.com.ar\/sitio\/wp-content\/uploads\/2022\/04\/WhatsApp-Image-2022-04-28-at-1.04.39-PM-1-1024x543.jpeg\" alt=\"\" class=\"wp-image-106467 lazyload\" data-srcset=\"https:\/\/eldiariodesanpedro.com.ar\/sitio\/wp-content\/uploads\/2022\/04\/WhatsApp-Image-2022-04-28-at-1.04.39-PM-1-1024x543.jpeg 1024w, https:\/\/eldiariodesanpedro.com.ar\/sitio\/wp-content\/uploads\/2022\/04\/WhatsApp-Image-2022-04-28-at-1.04.39-PM-1-300x159.jpeg 300w, https:\/\/eldiariodesanpedro.com.ar\/sitio\/wp-content\/uploads\/2022\/04\/WhatsApp-Image-2022-04-28-at-1.04.39-PM-1-768x407.jpeg 768w, https:\/\/eldiariodesanpedro.com.ar\/sitio\/wp-content\/uploads\/2022\/04\/WhatsApp-Image-2022-04-28-at-1.04.39-PM-1.jpeg 1188w\" data-sizes=\"(max-width: 1024px) 100vw, 1024px\" src=\"data:image\/svg+xml;base64,PHN2ZyB3aWR0aD0iMSIgaGVpZ2h0PSIxIiB4bWxucz0iaHR0cDovL3d3dy53My5vcmcvMjAwMC9zdmciPjwvc3ZnPg==\" style=\"--smush-placeholder-width: 1024px; --smush-placeholder-aspect-ratio: 1024\/543;\" \/><\/figure>\n","protected":false},"excerpt":{"rendered":"<p>La Secretar\u00eda de Salud y la Direcci\u00f3n del Hospital realizaron esta ma\u00f1ana la presentaci\u00f3n de equipamiento recientemente incorporado a la infraestructura del nosocmio. Las autoridades brindaron detalles sobre la importante inversi\u00f3n que ha sido posible con recursos propios, gracias las gestiones que lleva adelante la Direcci\u00f3n Administrativa. Fueron adquiridos un \u00abmicr\u00f3tomo\u00bb, equipo mec\u00e1nico de alta [&hellip;]<\/p>\n","protected":false},"author":4,"featured_media":106465,"comment_status":"closed","ping_status":"closed","sticky":false,"template":"","format":"standard","meta":{"om_disable_all_campaigns":false,"_jetpack_memberships_contains_paid_content":false,"footnotes":""},"categories":[50,101,2],"tags":[197,696,33,19],"class_list":["post-106464","post","type-post","status-publish","format-standard","has-post-thumbnail","hentry","category-destacadas","category-interes-general-locales","category-locales","tag-buenos-aires","tag-interes-general","tag-locales","tag-san-pedro"],"aioseo_notices":[],"gutentor_comment":0,"jetpack_featured_media_url":"https:\/\/eldiariodesanpedro.com.ar\/sitio\/wp-content\/uploads\/2022\/04\/WhatsApp-Image-2022-04-28-at-1.04.38-PM.jpeg","jetpack_shortlink":"https:\/\/wp.me\/p6RhLt-rHa","jetpack_sharing_enabled":true,"_links":{"self":[{"href":"https:\/\/eldiariodesanpedro.com.ar\/sitio\/wp-json\/wp\/v2\/posts\/106464","targetHints":{"allow":["GET"]}}],"collection":[{"href":"https:\/\/eldiariodesanpedro.com.ar\/sitio\/wp-json\/wp\/v2\/posts"}],"about":[{"href":"https:\/\/eldiariodesanpedro.com.ar\/sitio\/wp-json\/wp\/v2\/types\/post"}],"author":[{"embeddable":true,"href":"https:\/\/eldiariodesanpedro.com.ar\/sitio\/wp-json\/wp\/v2\/users\/4"}],"replies":[{"embeddable":true,"href":"https:\/\/eldiariodesanpedro.com.ar\/sitio\/wp-json\/wp\/v2\/comments?post=106464"}],"version-history":[{"count":1,"href":"https:\/\/eldiariodesanpedro.com.ar\/sitio\/wp-json\/wp\/v2\/posts\/106464\/revisions"}],"predecessor-version":[{"id":106468,"href":"https:\/\/eldiariodesanpedro.com.ar\/sitio\/wp-json\/wp\/v2\/posts\/106464\/revisions\/106468"}],"wp:featuredmedia":[{"embeddable":true,"href":"https:\/\/eldiariodesanpedro.com.ar\/sitio\/wp-json\/wp\/v2\/media\/106465"}],"wp:attachment":[{"href":"https:\/\/eldiariodesanpedro.com.ar\/sitio\/wp-json\/wp\/v2\/media?parent=106464"}],"wp:term":[{"taxonomy":"category","embeddable":true,"href":"https:\/\/eldiariodesanpedro.com.ar\/sitio\/wp-json\/wp\/v2\/categories?post=106464"},{"taxonomy":"post_tag","embeddable":true,"href":"https:\/\/eldiariodesanpedro.com.ar\/sitio\/wp-json\/wp\/v2\/tags?post=106464"}],"curies":[{"name":"wp","href":"https:\/\/api.w.org\/{rel}","templated":true}]}}