{"id":106459,"date":"2022-04-28T12:29:55","date_gmt":"2022-04-28T15:29:55","guid":{"rendered":"https:\/\/eldiariodesanpedro.com.ar\/sitio\/?p=106459"},"modified":"2022-04-28T18:23:05","modified_gmt":"2022-04-28T21:23:05","slug":"el-abogado-de-luppi-aseguro-que-el-tambien-es-una-victima-de-la-situacion-%ef%bf%bc","status":"publish","type":"post","link":"https:\/\/eldiariodesanpedro.com.ar\/sitio\/el-abogado-de-luppi-aseguro-que-el-tambien-es-una-victima-de-la-situacion-%ef%bf%bc\/","title":{"rendered":"El abogado de Luppi asegur\u00f3 que el tambi\u00e9n es una v\u00edctima de la situaci\u00f3n\u00a0\ufffc"},"content":{"rendered":"<!-- VideographyWP Plugin Message: Automatic video embedding prevented by plugin options. -->\n\n<p>Segun informo el abogado de uno de los detenidos en el caso de abuso sexual y secuestro que reallmente mantiene en vilo a nuestra ciudad, Luppi seria una victima y no uno de los responsables.<\/p>\n\n\n\n<p>El doctor Mauricio Gugger quien esta acargo de la defensa de Isa\u00edas Luppi asegur\u00f3 que el joven ser\u00e1 v\u00edctima del hecho y no uno de los responsables del hecho por el que est\u00e1 imputado, inclusive asegur\u00f3 que el padre fue quien fue retirarlo de la vivienda al no queres quedar pegado a lo que all\u00ed estaba sucediendo.<\/p>\n\n\n\n<p>Recordemos que Luppiu fue uno de los dos primeros detenidos cuando la Prefectura realiz\u00f3 el allanamiento en una vivienda de calle Mitre al 1600.<\/p>\n\n\n\n<p>Este detenido junto con Lucas Ramos se encuentran en la localidad de Z\u00e1rate en los calabozos pertenecientes a la Prefectura Nacional.&nbsp;<\/p>\n\n\n\n<p>Este mi\u00e9rcoles tambi\u00e9n se entrego Maximiliano Ramos en la misma localidad y tambi\u00e9n el mismo d\u00eda fue entregado por su padre el polic\u00eda involucrado <strong>Carlos Devito<\/strong> quien se encontraba en su domicilio en calle Italia al 900 quien adem\u00e1s se encontraba bajo los efectos de los estupefacientes y con cortes en sus brazos ya que habr\u00eda tratado de quitarse la vida.<\/p>\n\n\n\n<p>Este mi\u00e9rcoles por la noche el personal de Drogas Il\u00edcitas de San Nicol\u00e1s detuvo a un sospechoso m\u00e1s que podr\u00eda ser part\u00edcipe necesario identificado como Ramiro Mansilla, quien se hallaba en una iglesia evang\u00e9lica ubicada en Avenida Sarmiento al 2800.<\/p>\n","protected":false},"excerpt":{"rendered":"<p>Segun informo el abogado de uno de los detenidos en el caso de abuso sexual y secuestro que reallmente mantiene en vilo a nuestra ciudad, Luppi seria una victima y no uno de los responsables. El doctor Mauricio Gugger quien esta acargo de la defensa de Isa\u00edas Luppi asegur\u00f3 que el joven ser\u00e1 v\u00edctima del [&hellip;]<\/p>\n","protected":false},"author":4,"featured_media":106407,"comment_status":"closed","ping_status":"closed","sticky":false,"template":"","format":"standard","meta":{"om_disable_all_campaigns":false,"_jetpack_memberships_contains_paid_content":false,"footnotes":""},"categories":[50,2,103],"tags":[197,33,95,19],"class_list":["post-106459","post","type-post","status-publish","format-standard","has-post-thumbnail","hentry","category-destacadas","category-locales","category-policiales-locales","tag-buenos-aires","tag-locales","tag-policiales","tag-san-pedro"],"aioseo_notices":[],"gutentor_comment":0,"jetpack_featured_media_url":"https:\/\/eldiariodesanpedro.com.ar\/sitio\/wp-content\/uploads\/2022\/04\/medida-8.jpg","jetpack_shortlink":"https:\/\/wp.me\/p6RhLt-rH5","jetpack_sharing_enabled":true,"_links":{"self":[{"href":"https:\/\/eldiariodesanpedro.com.ar\/sitio\/wp-json\/wp\/v2\/posts\/106459","targetHints":{"allow":["GET"]}}],"collection":[{"href":"https:\/\/eldiariodesanpedro.com.ar\/sitio\/wp-json\/wp\/v2\/posts"}],"about":[{"href":"https:\/\/eldiariodesanpedro.com.ar\/sitio\/wp-json\/wp\/v2\/types\/post"}],"author":[{"embeddable":true,"href":"https:\/\/eldiariodesanpedro.com.ar\/sitio\/wp-json\/wp\/v2\/users\/4"}],"replies":[{"embeddable":true,"href":"https:\/\/eldiariodesanpedro.com.ar\/sitio\/wp-json\/wp\/v2\/comments?post=106459"}],"version-history":[{"count":3,"href":"https:\/\/eldiariodesanpedro.com.ar\/sitio\/wp-json\/wp\/v2\/posts\/106459\/revisions"}],"predecessor-version":[{"id":106493,"href":"https:\/\/eldiariodesanpedro.com.ar\/sitio\/wp-json\/wp\/v2\/posts\/106459\/revisions\/106493"}],"wp:featuredmedia":[{"embeddable":true,"href":"https:\/\/eldiariodesanpedro.com.ar\/sitio\/wp-json\/wp\/v2\/media\/106407"}],"wp:attachment":[{"href":"https:\/\/eldiariodesanpedro.com.ar\/sitio\/wp-json\/wp\/v2\/media?parent=106459"}],"wp:term":[{"taxonomy":"category","embeddable":true,"href":"https:\/\/eldiariodesanpedro.com.ar\/sitio\/wp-json\/wp\/v2\/categories?post=106459"},{"taxonomy":"post_tag","embeddable":true,"href":"https:\/\/eldiariodesanpedro.com.ar\/sitio\/wp-json\/wp\/v2\/tags?post=106459"}],"curies":[{"name":"wp","href":"https:\/\/api.w.org\/{rel}","templated":true}]}}