{"id":106457,"date":"2022-04-28T12:10:16","date_gmt":"2022-04-28T15:10:16","guid":{"rendered":"https:\/\/eldiariodesanpedro.com.ar\/sitio\/?p=106457"},"modified":"2022-04-28T12:10:16","modified_gmt":"2022-04-28T15:10:16","slug":"ramon-salazar-en-el-noveno-puesto-del-ranking-de-los-intendentes-de-la-segunda-seccion","status":"publish","type":"post","link":"https:\/\/eldiariodesanpedro.com.ar\/sitio\/ramon-salazar-en-el-noveno-puesto-del-ranking-de-los-intendentes-de-la-segunda-seccion\/","title":{"rendered":"Ramon Salazar en el noveno puesto del ranking de los intendentes de la segunda secci\u00f3n"},"content":{"rendered":"<!-- VideographyWP Plugin Message: Automatic video embedding prevented by plugin options. -->\n\n<p>Un informe conjunto entre la Consultora Proyecci\u00f3n y Equis Investigaci\u00f3n Social, evalu\u00f3 la imagen de los 15 intendentes de la Segunda Secci\u00f3n Electoral, midiendo a cada uno en sus territorios. El nicole\u00f1o Passaglia obtuvo una imagen positiva del 78,6% y encabeza el ranking. El sampedrino Ram\u00f3n Salazar qued\u00f3 en noveno lugar.<\/p>\n\n\n\n<p>El<strong>&nbsp;sondeo<\/strong>&nbsp;fue realizado, seg\u00fan indicaron desde la&nbsp;<strong>Consultora Proyecci\u00f3n<\/strong>, entre el 4 y el 19 de abril, relevando opiniones de&nbsp;<strong>m\u00e1s de 4 mil bonaerenses residentes en la Segunda Secci\u00f3n Electoral<\/strong>. El relevamiento se practic\u00f3 en modalidad online, con un margen de error de +\/- 1,48% y un nivel de confianza del 95,5%.<\/p>\n\n\n\n<p>El<strong>&nbsp;intendente con mejor imagen seg\u00fan el relevamiento es el de San Nicol\u00e1s, Manuel Passaglia<\/strong>, que obtuvo un 78.6% de imagen positiva y un 18.8% de imagen negativa. El&nbsp;<strong>segundo lugar<\/strong>, en tanto, fue para un jefe comunal del Frente de Todos, en este caso el de Salto,&nbsp;<strong>Ricardo Alessandro<\/strong>, con m\u00e1s del 75%.<\/p>\n\n\n\n<p>La<strong>&nbsp;tercera posici\u00f3n<\/strong>&nbsp;tambi\u00e9n fue para un peronista, en este caso<strong>&nbsp;Diego Nanni, de Exaltaci\u00f3n de la Cruz<\/strong>, que qued\u00f3 en el podio con el 71% de imagen positiva.<\/p>\n\n\n\n<p>En&nbsp;<strong>cuarto lugar<\/strong>&nbsp;aparece el exministro macrista,&nbsp;<strong>Javier Iguacel, de Capit\u00e1n Sarmiento<\/strong>, con un 70%, seguido muy de cerca por&nbsp;<strong>Esteban Sanzio, de Baradero<\/strong>, que alcanz\u00f3 el&nbsp;<strong>69.9% de imagen positiva.<\/strong><\/p>\n\n\n\n<p>El sexto jefe comunal en el ranking de imagen positiva es&nbsp;<strong>Miguel Gesualdi, de San Andr\u00e9s de Giles, con un 64.4% de imagen positiva<\/strong>, seguido por el camporista&nbsp;<strong>Iv\u00e1n Villagr\u00e1n, de Carmen de Areco<\/strong>, con un 63.1%. Octavo aparece&nbsp;<strong>Gustavo Peri\u00e9<\/strong>, de Juntos por el Cambio &#8211; Ramallo, con un 55% de imagen positiva.<\/p>\n\n\n\n<p>El sampedrino&nbsp;<strong>Ram\u00f3n Salazar aparece en noveno lugar<\/strong>, representando al Frente de Todos, con un 54.4% de votos positivos.&nbsp;<strong>D\u00e9cimo se ubica el cambiemita Javier Mart\u00ednez<\/strong>, de Pergamino, con el 53,6% de imagen positiva.<\/p>\n\n\n\n<p>En los puestos&nbsp;<strong>11, 12 y 13<\/strong>&nbsp;se ubican los jefes comunales de<strong>&nbsp;San Antonio de Areco (JxC), Arrecifes (JxC) y Col\u00f3n (FdT)<\/strong>, con el 52,6%, 49,4% y 45,3%, respectivamente.<\/p>\n\n\n\n<p>El listado lo cierran&nbsp;<strong>Cristian Ariel Ford, de Juntos Rojas<\/strong>, con el 45% de imagen positiva; y&nbsp;<strong>Osvaldo C\u00e1ffaro, de Z\u00e1rate<\/strong>, con el 41,1%.<\/p>\n","protected":false},"excerpt":{"rendered":"<p>Un informe conjunto entre la Consultora Proyecci\u00f3n y Equis Investigaci\u00f3n Social, evalu\u00f3 la imagen de los 15 intendentes de la Segunda Secci\u00f3n Electoral, midiendo a cada uno en sus territorios. El nicole\u00f1o Passaglia obtuvo una imagen positiva del 78,6% y encabeza el ranking. El sampedrino Ram\u00f3n Salazar qued\u00f3 en noveno lugar. El&nbsp;sondeo&nbsp;fue realizado, seg\u00fan indicaron [&hellip;]<\/p>\n","protected":false},"author":4,"featured_media":68573,"comment_status":"closed","ping_status":"closed","sticky":false,"template":"","format":"standard","meta":{"om_disable_all_campaigns":false,"_jetpack_memberships_contains_paid_content":false,"footnotes":""},"categories":[50,2,102],"tags":[197,33,852,19],"class_list":["post-106457","post","type-post","status-publish","format-standard","has-post-thumbnail","hentry","category-destacadas","category-locales","category-politica-locales","tag-buenos-aires","tag-locales","tag-politica","tag-san-pedro"],"aioseo_notices":[],"gutentor_comment":0,"jetpack_featured_media_url":"https:\/\/eldiariodesanpedro.com.ar\/sitio\/wp-content\/uploads\/2020\/02\/Ram\u00f3n-Salazar-primer-plano.jpg","jetpack_shortlink":"https:\/\/wp.me\/p6RhLt-rH3","jetpack_sharing_enabled":true,"_links":{"self":[{"href":"https:\/\/eldiariodesanpedro.com.ar\/sitio\/wp-json\/wp\/v2\/posts\/106457","targetHints":{"allow":["GET"]}}],"collection":[{"href":"https:\/\/eldiariodesanpedro.com.ar\/sitio\/wp-json\/wp\/v2\/posts"}],"about":[{"href":"https:\/\/eldiariodesanpedro.com.ar\/sitio\/wp-json\/wp\/v2\/types\/post"}],"author":[{"embeddable":true,"href":"https:\/\/eldiariodesanpedro.com.ar\/sitio\/wp-json\/wp\/v2\/users\/4"}],"replies":[{"embeddable":true,"href":"https:\/\/eldiariodesanpedro.com.ar\/sitio\/wp-json\/wp\/v2\/comments?post=106457"}],"version-history":[{"count":1,"href":"https:\/\/eldiariodesanpedro.com.ar\/sitio\/wp-json\/wp\/v2\/posts\/106457\/revisions"}],"predecessor-version":[{"id":106458,"href":"https:\/\/eldiariodesanpedro.com.ar\/sitio\/wp-json\/wp\/v2\/posts\/106457\/revisions\/106458"}],"wp:featuredmedia":[{"embeddable":true,"href":"https:\/\/eldiariodesanpedro.com.ar\/sitio\/wp-json\/wp\/v2\/media\/68573"}],"wp:attachment":[{"href":"https:\/\/eldiariodesanpedro.com.ar\/sitio\/wp-json\/wp\/v2\/media?parent=106457"}],"wp:term":[{"taxonomy":"category","embeddable":true,"href":"https:\/\/eldiariodesanpedro.com.ar\/sitio\/wp-json\/wp\/v2\/categories?post=106457"},{"taxonomy":"post_tag","embeddable":true,"href":"https:\/\/eldiariodesanpedro.com.ar\/sitio\/wp-json\/wp\/v2\/tags?post=106457"}],"curies":[{"name":"wp","href":"https:\/\/api.w.org\/{rel}","templated":true}]}}