{"id":106454,"date":"2022-04-28T12:03:49","date_gmt":"2022-04-28T15:03:49","guid":{"rendered":"https:\/\/eldiariodesanpedro.com.ar\/sitio\/?p=106454"},"modified":"2022-04-28T12:03:50","modified_gmt":"2022-04-28T15:03:50","slug":"cecilio-salazar-no-hay-explicaciones-ni-argumentos-para-intervenir-osprera","status":"publish","type":"post","link":"https:\/\/eldiariodesanpedro.com.ar\/sitio\/cecilio-salazar-no-hay-explicaciones-ni-argumentos-para-intervenir-osprera\/","title":{"rendered":"Cecilio Salazar: \u00abNo hay explicaciones ni argumentos para intervenir Osprera\u00bb"},"content":{"rendered":"<!-- VideographyWP Plugin Message: Automatic video embedding prevented by plugin options. -->\n\n<p>El ex Intendente de San Pedro y ex directivo de Osprera se refiri\u00f3 a la situaci\u00f3n de la obra social en San Pedro. La entidad fue intervenida y est\u00e1 cortada en toda la ciudad.<\/p>\n\n\n\n<p>La situaci\u00f3n de Osprera en San Pedro es cada vez m\u00e1s cr\u00edtica y las \u00faltimas medidas tomadas generan incertidumbre entre los afiliados que desde hace un tiempo no tienen prestaci\u00f3n.<\/p>\n\n\n\n<p>Cecilio Salazar, ex Intendente de San Pedro y ex Vicepresidente de Osprera, habl\u00f3 en FM G\u00e9nesis y se refiri\u00f3 a lo que est\u00e1 sucediendo responsabilizando a la actual conducci\u00f3n de la obra social.<\/p>\n\n\n\n<p>\u00abAc\u00e1 lo que ha sucedido es que Pablo Ansaloni y Fernando Ant\u00fanez, con el silencio c\u00f3mplice de Jos\u00e9 Voytenco, han decidido intervenir la sede local de Osprera sin ning\u00fan tipo de argumento\u00bb, asegur\u00f3 Salazar.<\/p>\n\n\n\n<p>\u00abEllos son los responsables de que la obra social no est\u00e9 pagando y en San Pedro est\u00e1 cortada la atenci\u00f3n en la cl\u00ednica Coopser, en el hospital privado Sadiv y el C\u00edrculo M\u00e9dico, a qui\u00e9nes se le deben cifras millonarias, lo mismo que el hospital de nuestra ciudad que por ser una entidad p\u00fablica&nbsp;no va a dejar de atender los afiliados\u00bb.<\/p>\n\n\n\n<p>\u00abEsto que est\u00e1n haciendo con San Pedro no tiene explicaci\u00f3n, no hay argumentos\u00bb, dijo el dirigente. \u00abLa deuda de la obra social en San Pedro es inmensa\u00bb.&nbsp;<\/p>\n\n\n\n<p>\u00abAc\u00e1 claramente es una decisi\u00f3n de Pablo Ansaloni y Fernando Ant\u00fanez, qu\u00e9 es una persona que no tiene nada que ver con el gremio, ellos son los que deciden a qui\u00e9n pagarle y a qui\u00e9n no. Sabemos que en otros lugares est\u00e1 pasando lo mismo\u00bb.<\/p>\n\n\n\n<p>\u00abCon Voytenco he querido hablar pero no da ninguna clase de respuestas, no contesta los mensajes. Pero bueno, el que maneja hoy la obra social es Pablo Ansaloni\u00bb.<\/p>\n\n\n\n<p>Fuente: <a href=\"https:\/\/www.sanpedroinforma.com.ar\/news-124916-cecilio-salazar-no-hay-explicaciones-ni-argumentos-para-intervenir-osprera\">San Pedro Informa<\/a><\/p>\n","protected":false},"excerpt":{"rendered":"<p>El ex Intendente de San Pedro y ex directivo de Osprera se refiri\u00f3 a la situaci\u00f3n de la obra social en San Pedro. La entidad fue intervenida y est\u00e1 cortada en toda la ciudad. La situaci\u00f3n de Osprera en San Pedro es cada vez m\u00e1s cr\u00edtica y las \u00faltimas medidas tomadas generan incertidumbre entre los [&hellip;]<\/p>\n","protected":false},"author":4,"featured_media":106455,"comment_status":"closed","ping_status":"closed","sticky":false,"template":"","format":"standard","meta":{"om_disable_all_campaigns":false,"_jetpack_memberships_contains_paid_content":false,"footnotes":""},"categories":[50,101,2],"tags":[197,696,33,19],"class_list":["post-106454","post","type-post","status-publish","format-standard","has-post-thumbnail","hentry","category-destacadas","category-interes-general-locales","category-locales","tag-buenos-aires","tag-interes-general","tag-locales","tag-san-pedro"],"aioseo_notices":[],"gutentor_comment":0,"jetpack_featured_media_url":"https:\/\/eldiariodesanpedro.com.ar\/sitio\/wp-content\/uploads\/2022\/04\/0000020846-resized-1920x1080-1.jpg","jetpack_shortlink":"https:\/\/wp.me\/p6RhLt-rH0","jetpack_sharing_enabled":true,"_links":{"self":[{"href":"https:\/\/eldiariodesanpedro.com.ar\/sitio\/wp-json\/wp\/v2\/posts\/106454","targetHints":{"allow":["GET"]}}],"collection":[{"href":"https:\/\/eldiariodesanpedro.com.ar\/sitio\/wp-json\/wp\/v2\/posts"}],"about":[{"href":"https:\/\/eldiariodesanpedro.com.ar\/sitio\/wp-json\/wp\/v2\/types\/post"}],"author":[{"embeddable":true,"href":"https:\/\/eldiariodesanpedro.com.ar\/sitio\/wp-json\/wp\/v2\/users\/4"}],"replies":[{"embeddable":true,"href":"https:\/\/eldiariodesanpedro.com.ar\/sitio\/wp-json\/wp\/v2\/comments?post=106454"}],"version-history":[{"count":1,"href":"https:\/\/eldiariodesanpedro.com.ar\/sitio\/wp-json\/wp\/v2\/posts\/106454\/revisions"}],"predecessor-version":[{"id":106456,"href":"https:\/\/eldiariodesanpedro.com.ar\/sitio\/wp-json\/wp\/v2\/posts\/106454\/revisions\/106456"}],"wp:featuredmedia":[{"embeddable":true,"href":"https:\/\/eldiariodesanpedro.com.ar\/sitio\/wp-json\/wp\/v2\/media\/106455"}],"wp:attachment":[{"href":"https:\/\/eldiariodesanpedro.com.ar\/sitio\/wp-json\/wp\/v2\/media?parent=106454"}],"wp:term":[{"taxonomy":"category","embeddable":true,"href":"https:\/\/eldiariodesanpedro.com.ar\/sitio\/wp-json\/wp\/v2\/categories?post=106454"},{"taxonomy":"post_tag","embeddable":true,"href":"https:\/\/eldiariodesanpedro.com.ar\/sitio\/wp-json\/wp\/v2\/tags?post=106454"}],"curies":[{"name":"wp","href":"https:\/\/api.w.org\/{rel}","templated":true}]}}