{"id":106451,"date":"2022-04-28T11:55:34","date_gmt":"2022-04-28T14:55:34","guid":{"rendered":"https:\/\/eldiariodesanpedro.com.ar\/sitio\/?p=106451"},"modified":"2022-04-28T11:55:35","modified_gmt":"2022-04-28T14:55:35","slug":"jorge-ponzio-asumio-como-director-de-servicios-sanitarios","status":"publish","type":"post","link":"https:\/\/eldiariodesanpedro.com.ar\/sitio\/jorge-ponzio-asumio-como-director-de-servicios-sanitarios\/","title":{"rendered":"Jorge Ponzio asumi\u00f3 como Director de Servicios Sanitarios"},"content":{"rendered":"<!-- VideographyWP Plugin Message: Automatic video embedding prevented by plugin options. -->\n\n<p>El Intendente Salazar sum\u00f3 una pieza importante a su gabinete. Ponzio ya hab\u00eda estado como Secretario de Obras P\u00fablicas sobre el inicio de la gesti\u00f3n de Cecilio Salazar.<\/p>\n\n\n\n<p>Hace pocas horas el Intendente Ram\u00f3n Salazar nombr\u00f3 Director de Servicios Sanitarios a Jorge Ponzio.<\/p>\n\n\n\n<p>De esta manera el funcionario inici\u00f3 su tercera etapa en un gabinete municipal ya que anteriormente hab\u00eda estado durante la gesti\u00f3n de Pablo Guacone como Intendente y la primera etapa de Cecilio Salazar.<\/p>\n\n\n\n<p><\/p>\n","protected":false},"excerpt":{"rendered":"<p>El Intendente Salazar sum\u00f3 una pieza importante a su gabinete. Ponzio ya hab\u00eda estado como Secretario de Obras P\u00fablicas sobre el inicio de la gesti\u00f3n de Cecilio Salazar. Hace pocas horas el Intendente Ram\u00f3n Salazar nombr\u00f3 Director de Servicios Sanitarios a Jorge Ponzio. De esta manera el funcionario inici\u00f3 su tercera etapa en un gabinete [&hellip;]<\/p>\n","protected":false},"author":4,"featured_media":106452,"comment_status":"closed","ping_status":"closed","sticky":false,"template":"","format":"standard","meta":{"om_disable_all_campaigns":false,"_jetpack_memberships_contains_paid_content":false,"footnotes":""},"categories":[50,101,2],"tags":[197,696,33,19],"class_list":["post-106451","post","type-post","status-publish","format-standard","has-post-thumbnail","hentry","category-destacadas","category-interes-general-locales","category-locales","tag-buenos-aires","tag-interes-general","tag-locales","tag-san-pedro"],"aioseo_notices":[],"gutentor_comment":0,"jetpack_featured_media_url":"https:\/\/eldiariodesanpedro.com.ar\/sitio\/wp-content\/uploads\/2022\/04\/0000020847-resized-1920x1080-1.jpg","jetpack_shortlink":"https:\/\/wp.me\/p6RhLt-rGX","jetpack_sharing_enabled":true,"_links":{"self":[{"href":"https:\/\/eldiariodesanpedro.com.ar\/sitio\/wp-json\/wp\/v2\/posts\/106451","targetHints":{"allow":["GET"]}}],"collection":[{"href":"https:\/\/eldiariodesanpedro.com.ar\/sitio\/wp-json\/wp\/v2\/posts"}],"about":[{"href":"https:\/\/eldiariodesanpedro.com.ar\/sitio\/wp-json\/wp\/v2\/types\/post"}],"author":[{"embeddable":true,"href":"https:\/\/eldiariodesanpedro.com.ar\/sitio\/wp-json\/wp\/v2\/users\/4"}],"replies":[{"embeddable":true,"href":"https:\/\/eldiariodesanpedro.com.ar\/sitio\/wp-json\/wp\/v2\/comments?post=106451"}],"version-history":[{"count":1,"href":"https:\/\/eldiariodesanpedro.com.ar\/sitio\/wp-json\/wp\/v2\/posts\/106451\/revisions"}],"predecessor-version":[{"id":106453,"href":"https:\/\/eldiariodesanpedro.com.ar\/sitio\/wp-json\/wp\/v2\/posts\/106451\/revisions\/106453"}],"wp:featuredmedia":[{"embeddable":true,"href":"https:\/\/eldiariodesanpedro.com.ar\/sitio\/wp-json\/wp\/v2\/media\/106452"}],"wp:attachment":[{"href":"https:\/\/eldiariodesanpedro.com.ar\/sitio\/wp-json\/wp\/v2\/media?parent=106451"}],"wp:term":[{"taxonomy":"category","embeddable":true,"href":"https:\/\/eldiariodesanpedro.com.ar\/sitio\/wp-json\/wp\/v2\/categories?post=106451"},{"taxonomy":"post_tag","embeddable":true,"href":"https:\/\/eldiariodesanpedro.com.ar\/sitio\/wp-json\/wp\/v2\/tags?post=106451"}],"curies":[{"name":"wp","href":"https:\/\/api.w.org\/{rel}","templated":true}]}}