{"id":106449,"date":"2022-04-28T11:53:01","date_gmt":"2022-04-28T14:53:01","guid":{"rendered":"https:\/\/eldiariodesanpedro.com.ar\/sitio\/?p=106449"},"modified":"2022-04-28T11:53:01","modified_gmt":"2022-04-28T14:53:01","slug":"un-quinto-detenido-por-el-caso-de-abuso-y-secuestro","status":"publish","type":"post","link":"https:\/\/eldiariodesanpedro.com.ar\/sitio\/un-quinto-detenido-por-el-caso-de-abuso-y-secuestro\/","title":{"rendered":"Un quinto detenido por el caso de abuso y secuestro"},"content":{"rendered":"<!-- VideographyWP Plugin Message: Automatic video embedding prevented by plugin options. -->\n\n<p>Se trata de Ramiro Mansilla quien aparece vinculado al hecho registrado entre el jueves y s\u00e1bado pasado. El resto de los imputados se encuentran detenidos en distintas dependencias de la regi\u00f3n.<\/p>\n\n\n\n<p>En la noche del mi\u00e9rcoles el personal de Drogas Il\u00edcitas detuvo a Ramiro Mansilla, el quinto acusado de haber participado en el secuestro y abuso sexual de un joven el \u00faltimo fin de semana.<\/p>\n\n\n\n<p>Ahora son cinco las personas acusadas, Lucas Ramos, Isa\u00edas Luppi, Carlos Devito, Maximiliano Ramos que se entreg\u00f3 el mi\u00e9rcoles en la ciudad de Z\u00e1rate y el propio Mansilla.<\/p>\n\n\n\n<p>Los hermanos Ramos y Luppi permanecen detenidos en la ciudad de Z\u00e1rate, en Prefectura; mientras tanto Devito fue dado de alta en la tarde del mi\u00e9rcoles y trasladado a Prefectura donde permanece detenido.<\/p>\n\n\n\n<p><\/p>\n","protected":false},"excerpt":{"rendered":"<p>Se trata de Ramiro Mansilla quien aparece vinculado al hecho registrado entre el jueves y s\u00e1bado pasado. El resto de los imputados se encuentran detenidos en distintas dependencias de la regi\u00f3n. En la noche del mi\u00e9rcoles el personal de Drogas Il\u00edcitas detuvo a Ramiro Mansilla, el quinto acusado de haber participado en el secuestro y [&hellip;]<\/p>\n","protected":false},"author":4,"featured_media":70421,"comment_status":"closed","ping_status":"closed","sticky":false,"template":"","format":"standard","meta":{"om_disable_all_campaigns":false,"_jetpack_memberships_contains_paid_content":false,"footnotes":""},"categories":[50,2,103],"tags":[197,33,95,19],"class_list":["post-106449","post","type-post","status-publish","format-standard","has-post-thumbnail","hentry","category-destacadas","category-locales","category-policiales-locales","tag-buenos-aires","tag-locales","tag-policiales","tag-san-pedro"],"aioseo_notices":[],"gutentor_comment":0,"jetpack_featured_media_url":"https:\/\/eldiariodesanpedro.com.ar\/sitio\/wp-content\/uploads\/2020\/03\/esposas-detenido-1.jpg","jetpack_shortlink":"https:\/\/wp.me\/p6RhLt-rGV","jetpack_sharing_enabled":true,"_links":{"self":[{"href":"https:\/\/eldiariodesanpedro.com.ar\/sitio\/wp-json\/wp\/v2\/posts\/106449","targetHints":{"allow":["GET"]}}],"collection":[{"href":"https:\/\/eldiariodesanpedro.com.ar\/sitio\/wp-json\/wp\/v2\/posts"}],"about":[{"href":"https:\/\/eldiariodesanpedro.com.ar\/sitio\/wp-json\/wp\/v2\/types\/post"}],"author":[{"embeddable":true,"href":"https:\/\/eldiariodesanpedro.com.ar\/sitio\/wp-json\/wp\/v2\/users\/4"}],"replies":[{"embeddable":true,"href":"https:\/\/eldiariodesanpedro.com.ar\/sitio\/wp-json\/wp\/v2\/comments?post=106449"}],"version-history":[{"count":1,"href":"https:\/\/eldiariodesanpedro.com.ar\/sitio\/wp-json\/wp\/v2\/posts\/106449\/revisions"}],"predecessor-version":[{"id":106450,"href":"https:\/\/eldiariodesanpedro.com.ar\/sitio\/wp-json\/wp\/v2\/posts\/106449\/revisions\/106450"}],"wp:featuredmedia":[{"embeddable":true,"href":"https:\/\/eldiariodesanpedro.com.ar\/sitio\/wp-json\/wp\/v2\/media\/70421"}],"wp:attachment":[{"href":"https:\/\/eldiariodesanpedro.com.ar\/sitio\/wp-json\/wp\/v2\/media?parent=106449"}],"wp:term":[{"taxonomy":"category","embeddable":true,"href":"https:\/\/eldiariodesanpedro.com.ar\/sitio\/wp-json\/wp\/v2\/categories?post=106449"},{"taxonomy":"post_tag","embeddable":true,"href":"https:\/\/eldiariodesanpedro.com.ar\/sitio\/wp-json\/wp\/v2\/tags?post=106449"}],"curies":[{"name":"wp","href":"https:\/\/api.w.org\/{rel}","templated":true}]}}