{"id":106446,"date":"2022-04-28T10:47:31","date_gmt":"2022-04-28T13:47:31","guid":{"rendered":"https:\/\/eldiariodesanpedro.com.ar\/sitio\/?p=106446"},"modified":"2022-04-28T10:47:32","modified_gmt":"2022-04-28T13:47:32","slug":"la-anmat-prohibio-la-venta-de-cuatro-variedades-de-aceitunas-y-un-suplemento-dietario","status":"publish","type":"post","link":"https:\/\/eldiariodesanpedro.com.ar\/sitio\/la-anmat-prohibio-la-venta-de-cuatro-variedades-de-aceitunas-y-un-suplemento-dietario\/","title":{"rendered":"La Anmat prohibi\u00f3 la venta de cuatro variedades de aceitunas y un suplemento dietario"},"content":{"rendered":"<!-- VideographyWP Plugin Message: Automatic video embedding prevented by plugin options. -->\n\n<p>Los productos en cuesti\u00f3n no ten\u00edan autorizaci\u00f3n de Anmat para su venta al p\u00fablico. La disposici\u00f3n fue publicada este jueves en el Bolet\u00edn Oficial.<\/p>\n\n\n\n<p>A trav\u00e9s de la Disposici\u00f3n 3074\/2022, la\u00a0<strong>Administraci\u00f3n Nacional de Medicamentos, Alimentos y Tecnolog\u00eda M\u00e9dica (Anmat)<\/strong>\u00a0prohibi\u00f3 la elaboraci\u00f3n, el fraccionamiento y la comercializaci\u00f3n de\u00a0<strong>cuatro variedades de aceitunas<\/strong>\u00a0en todo el pa\u00eds por considerarlas\u00a0<a href=\"https:\/\/infocielo.com\/productos-a2087\">productos<\/a>\u00a0ilegales.<\/p>\n\n\n\n<p>Los productos en cuesti\u00f3n son la la marca\u00a0<strong>Algiuben<\/strong>, todos con RNE N\u00b018005569 y elaborados por Alejandra Tobares, y se encuentran rotulados como:<\/p>\n\n\n\n<ul class=\"wp-block-list\"><li>&nbsp;Aceitunas con palmitos en aceite- RNPA:18000222<\/li><li>Aceitunas negras condimentadas en aceite RNPA: 18000229<\/li><li>Aceitunas con almendras en aceite RNPA: 18000220<\/li><li>Aceitunas con nueces en aceite RNPA: 18000232<\/li><\/ul>\n\n\n\n<p>De acuerdo a la publicaci\u00f3n hecha este jueves en el Bolet\u00edn Oficial,&nbsp;<strong>tanto los productos en cuesti\u00f3n como la empresa que los comercializaba no contaban con los registros necesarios y, por lo tanto, su comercializaci\u00f3n no estaba habilitada.<\/strong><\/p>\n\n\n\n<p>\u00abToda vez que se trate de productos alimenticios que carecen de registros, motivo por el cual no pueden garantizarse su trazabilidad, sus condiciones de elaboraci\u00f3n, su calidad con adecuados niveles de control bajo las condiciones establecidas por la normativa vigente y su inocuidad, el Departamento de Rector\u00eda en Normativa Alimentaria del INAL recomienda prohibir la comercializaci\u00f3n\u00bb, dice el texto.<\/p>\n\n\n\n<h2 class=\"wp-block-heading\">Suplementos dietarios prohibidos<\/h2>\n\n\n\n<p>Por otra parte, la ANMAT tambi\u00e9n&nbsp;<strong>prohibi\u00f3 la elaboraci\u00f3n, el fraccionamiento y la comercializaci\u00f3n en todo el territorio nacional y en plataformas de&nbsp;<a href=\"https:\/\/infocielo.com\/venta-a1215\">venta<\/a>&nbsp;electr\u00f3nica de ocho suplementos dietarios&nbsp;<\/strong>a trav\u00e9s de la Disposici\u00f3n 3073\/2022 por carecer de registros sanitarios.<\/p>\n\n\n\n<p>Los art\u00edculos en cuesti\u00f3n son los siguientes: \u201cLipoblue Advance, Lipoblue Ultra 8K, Lipoblue Supreme, Lipoblue Supreme Max, Lipoblue Ultra Lipo, LB Classic, Lipoblue Boost y Lipoblue Forskolin Extract.<\/p>\n\n\n\n<p>\u00abPor tratarse de productos que no pueden ser identificados en forma fehaciente y clara como producidos, elaborados o fraccionados en un establecimiento determinado, no podr\u00e1n ser elaborados en<\/p>\n\n\n\n<p><a href=\"https:\/\/media.infocielo.com\/p\/526e6d4ea64ac910b3251f9c6515626c\/adjuntos\/299\/imagenes\/001\/404\/0001404955\/887x0\/smart\/aceitunasjpg.jpg\"><\/a><\/p>\n","protected":false},"excerpt":{"rendered":"<p>Los productos en cuesti\u00f3n no ten\u00edan autorizaci\u00f3n de Anmat para su venta al p\u00fablico. La disposici\u00f3n fue publicada este jueves en el Bolet\u00edn Oficial. A trav\u00e9s de la Disposici\u00f3n 3074\/2022, la\u00a0Administraci\u00f3n Nacional de Medicamentos, Alimentos y Tecnolog\u00eda M\u00e9dica (Anmat)\u00a0prohibi\u00f3 la elaboraci\u00f3n, el fraccionamiento y la comercializaci\u00f3n de\u00a0cuatro variedades de aceitunas\u00a0en todo el pa\u00eds por considerarlas\u00a0productos\u00a0ilegales. [&hellip;]<\/p>\n","protected":false},"author":4,"featured_media":106447,"comment_status":"closed","ping_status":"closed","sticky":false,"template":"","format":"standard","meta":{"om_disable_all_campaigns":false,"_jetpack_memberships_contains_paid_content":false,"footnotes":""},"categories":[50,101,2],"tags":[197,696,33,19],"class_list":["post-106446","post","type-post","status-publish","format-standard","has-post-thumbnail","hentry","category-destacadas","category-interes-general-locales","category-locales","tag-buenos-aires","tag-interes-general","tag-locales","tag-san-pedro"],"aioseo_notices":[],"gutentor_comment":0,"jetpack_featured_media_url":"https:\/\/eldiariodesanpedro.com.ar\/sitio\/wp-content\/uploads\/2022\/04\/variedades-de-aceitunas.jpg","jetpack_shortlink":"https:\/\/wp.me\/p6RhLt-rGS","jetpack_sharing_enabled":true,"_links":{"self":[{"href":"https:\/\/eldiariodesanpedro.com.ar\/sitio\/wp-json\/wp\/v2\/posts\/106446","targetHints":{"allow":["GET"]}}],"collection":[{"href":"https:\/\/eldiariodesanpedro.com.ar\/sitio\/wp-json\/wp\/v2\/posts"}],"about":[{"href":"https:\/\/eldiariodesanpedro.com.ar\/sitio\/wp-json\/wp\/v2\/types\/post"}],"author":[{"embeddable":true,"href":"https:\/\/eldiariodesanpedro.com.ar\/sitio\/wp-json\/wp\/v2\/users\/4"}],"replies":[{"embeddable":true,"href":"https:\/\/eldiariodesanpedro.com.ar\/sitio\/wp-json\/wp\/v2\/comments?post=106446"}],"version-history":[{"count":1,"href":"https:\/\/eldiariodesanpedro.com.ar\/sitio\/wp-json\/wp\/v2\/posts\/106446\/revisions"}],"predecessor-version":[{"id":106448,"href":"https:\/\/eldiariodesanpedro.com.ar\/sitio\/wp-json\/wp\/v2\/posts\/106446\/revisions\/106448"}],"wp:featuredmedia":[{"embeddable":true,"href":"https:\/\/eldiariodesanpedro.com.ar\/sitio\/wp-json\/wp\/v2\/media\/106447"}],"wp:attachment":[{"href":"https:\/\/eldiariodesanpedro.com.ar\/sitio\/wp-json\/wp\/v2\/media?parent=106446"}],"wp:term":[{"taxonomy":"category","embeddable":true,"href":"https:\/\/eldiariodesanpedro.com.ar\/sitio\/wp-json\/wp\/v2\/categories?post=106446"},{"taxonomy":"post_tag","embeddable":true,"href":"https:\/\/eldiariodesanpedro.com.ar\/sitio\/wp-json\/wp\/v2\/tags?post=106446"}],"curies":[{"name":"wp","href":"https:\/\/api.w.org\/{rel}","templated":true}]}}