{"id":106444,"date":"2022-04-28T10:36:05","date_gmt":"2022-04-28T13:36:05","guid":{"rendered":"https:\/\/eldiariodesanpedro.com.ar\/sitio\/?p=106444"},"modified":"2022-04-28T10:36:06","modified_gmt":"2022-04-28T13:36:06","slug":"bancarios-ratificaron-el-paro-previsto-para-hoy","status":"publish","type":"post","link":"https:\/\/eldiariodesanpedro.com.ar\/sitio\/bancarios-ratificaron-el-paro-previsto-para-hoy\/","title":{"rendered":"Bancarios ratificaron el paro previsto para hoy"},"content":{"rendered":"<!-- VideographyWP Plugin Message: Automatic video embedding prevented by plugin options. -->\n\n<p>Desde La Bancaria anunciaron un cese de actividades de manera presencial \u00a0y virtual. Consideran que la propuesta salarial fue \u00abinadmisible\u00bb.\u00a0<\/p>\n\n\n\n<p>La Asociaci\u00f3n\u00a0Bancaria\u00a0ratific\u00f3 un\u00a0<strong>paro<\/strong>\u00a0de actividades en todas las sucursales del pa\u00eds para este jueves ante el fracaso de las negociaciones\u00a0paritarias\u00a0con las c\u00e1maras empresariales del sector.<\/p>\n\n\n\n<p>El gremio que lidera Sergio Palazzo consider\u00f3 a la \u00faltima propuesta de incremento salarial como \u201cinadmisible\u201d, pese a los esfuerzos de las autoridades del ministerio de Trabajo de la Naci\u00f3n por acercar las partes y destrabar el conflicto.<\/p>\n\n\n\n<h2 class=\"wp-block-heading\">\u201cInvitamos a las c\u00e1maras a reflexionar\u201d<\/h2>\n\n\n\n<p>A trav\u00e9s de un comunicado, el gremio afirm\u00f3 que la propuesta empresarial \u201cdesconoce el mandato del Presidente de la Naci\u00f3n, quien claramente manifest\u00f3 que los sueldos deben superar a la inflaci\u00f3n\u201d.<\/p>\n\n\n\n<p>En esa direcci\u00f3n, La Bancaria consider\u00f3 que las patronales&nbsp;<strong>\u201csiguen sin o\u00edr a los trabajadores\u201d&nbsp;<\/strong>y consideraron la postura como&nbsp;<strong>\u201cuna provocaci\u00f3n\u201d.<\/strong><\/p>\n\n\n\n<p>Finalmente, hicieron un llamado a la reflexi\u00f3n \u201cespecialmente a las c\u00e1maras empresariales privadas\u201d ya que&nbsp;<strong>\u201cempecinadamente siguen mirando su conveniencia producto de la avaricia\u201d<\/strong>.<\/p>\n\n\n\n<h2 class=\"wp-block-heading\">\u00bfC\u00f3mo se implementar\u00e1 el paro bancario?<\/h2>\n\n\n\n<p>El gremio de la Bancaria defini\u00f3 u<strong>n paro de actividades de manera presencial, con quiete de tareas y posterior movilizaci\u00f3n y una \u201cdesconexi\u00f3n total\u201d de las personas que cumplen funciones por teletrabajo<\/strong>.<\/p>\n\n\n\n<p>La medida se implementar\u00e1 en todo el pa\u00eds durante toda la jornada del jueves.<a href=\"https:\/\/media.infocielo.com\/p\/fb06fcde4d0bf86bfeb1a9a57b3de4a8\/adjuntos\/299\/imagenes\/000\/600\/0000600843\/20181122091427_1517318788481paro-bancosjpg.jpg\"><\/a><\/p>\n","protected":false},"excerpt":{"rendered":"<p>Desde La Bancaria anunciaron un cese de actividades de manera presencial \u00a0y virtual. Consideran que la propuesta salarial fue \u00abinadmisible\u00bb.\u00a0 La Asociaci\u00f3n\u00a0Bancaria\u00a0ratific\u00f3 un\u00a0paro\u00a0de actividades en todas las sucursales del pa\u00eds para este jueves ante el fracaso de las negociaciones\u00a0paritarias\u00a0con las c\u00e1maras empresariales del sector. El gremio que lidera Sergio Palazzo consider\u00f3 a la \u00faltima propuesta [&hellip;]<\/p>\n","protected":false},"author":4,"featured_media":31169,"comment_status":"closed","ping_status":"closed","sticky":false,"template":"","format":"standard","meta":{"om_disable_all_campaigns":false,"_jetpack_memberships_contains_paid_content":false,"footnotes":""},"categories":[101,2],"tags":[197,696,33,19],"class_list":["post-106444","post","type-post","status-publish","format-standard","has-post-thumbnail","hentry","category-interes-general-locales","category-locales","tag-buenos-aires","tag-interes-general","tag-locales","tag-san-pedro"],"aioseo_notices":[],"gutentor_comment":0,"jetpack_featured_media_url":"https:\/\/eldiariodesanpedro.com.ar\/sitio\/wp-content\/uploads\/2018\/04\/el-19-y-20-de-febrero-hay-paro-bancario.jpg","jetpack_shortlink":"https:\/\/wp.me\/p6RhLt-rGQ","jetpack_sharing_enabled":true,"_links":{"self":[{"href":"https:\/\/eldiariodesanpedro.com.ar\/sitio\/wp-json\/wp\/v2\/posts\/106444","targetHints":{"allow":["GET"]}}],"collection":[{"href":"https:\/\/eldiariodesanpedro.com.ar\/sitio\/wp-json\/wp\/v2\/posts"}],"about":[{"href":"https:\/\/eldiariodesanpedro.com.ar\/sitio\/wp-json\/wp\/v2\/types\/post"}],"author":[{"embeddable":true,"href":"https:\/\/eldiariodesanpedro.com.ar\/sitio\/wp-json\/wp\/v2\/users\/4"}],"replies":[{"embeddable":true,"href":"https:\/\/eldiariodesanpedro.com.ar\/sitio\/wp-json\/wp\/v2\/comments?post=106444"}],"version-history":[{"count":1,"href":"https:\/\/eldiariodesanpedro.com.ar\/sitio\/wp-json\/wp\/v2\/posts\/106444\/revisions"}],"predecessor-version":[{"id":106445,"href":"https:\/\/eldiariodesanpedro.com.ar\/sitio\/wp-json\/wp\/v2\/posts\/106444\/revisions\/106445"}],"wp:featuredmedia":[{"embeddable":true,"href":"https:\/\/eldiariodesanpedro.com.ar\/sitio\/wp-json\/wp\/v2\/media\/31169"}],"wp:attachment":[{"href":"https:\/\/eldiariodesanpedro.com.ar\/sitio\/wp-json\/wp\/v2\/media?parent=106444"}],"wp:term":[{"taxonomy":"category","embeddable":true,"href":"https:\/\/eldiariodesanpedro.com.ar\/sitio\/wp-json\/wp\/v2\/categories?post=106444"},{"taxonomy":"post_tag","embeddable":true,"href":"https:\/\/eldiariodesanpedro.com.ar\/sitio\/wp-json\/wp\/v2\/tags?post=106444"}],"curies":[{"name":"wp","href":"https:\/\/api.w.org\/{rel}","templated":true}]}}