{"id":106442,"date":"2022-04-28T10:31:45","date_gmt":"2022-04-28T13:31:45","guid":{"rendered":"https:\/\/eldiariodesanpedro.com.ar\/sitio\/?p=106442"},"modified":"2022-04-28T10:31:45","modified_gmt":"2022-04-28T13:31:45","slug":"anses-como-queda-el-calendario-de-pagos-el-28-de-abril-con-el-paro-de-los-bancos","status":"publish","type":"post","link":"https:\/\/eldiariodesanpedro.com.ar\/sitio\/anses-como-queda-el-calendario-de-pagos-el-28-de-abril-con-el-paro-de-los-bancos\/","title":{"rendered":"ANSES: \u00bfC\u00f3mo queda el calendario de pagos el 28 de abril con el paro de los bancos?"},"content":{"rendered":"<!-- VideographyWP Plugin Message: Automatic video embedding prevented by plugin options. -->\n\n<p>El calendario de pagos de abril sufri\u00f3 modificaciones por el paro bancario anunciado para este jueves. Qu\u00e9 pasa con las jubilaciones y pensiones de ANSES.<\/p>\n\n\n\n<p>La&nbsp;<strong>Administraci\u00f3n Nacional de la Seguridad Social (<a href=\"https:\/\/infocielo.com\/anses-a421\">ANSES<\/a>)<\/strong>&nbsp;inform\u00f3 que, teniendo en cuenta el paro bancario previsto para hoy jueves 28 de&nbsp;<strong><a href=\"https:\/\/infocielo.com\/abril-a248\">abril<\/a><\/strong>&nbsp;de 2022, la fecha en que jubilados y pensionados cobraban sus haberes ese d\u00eda se vio modificada.<\/p>\n\n\n\n<p>En un comunicado oficial, la ANSES expres\u00f3 que, como es de pr\u00e1ctica habitual en estas situaciones, los pagos previstos para esa fecha se adelantaron al 27 de abril. En ese sentido,\u00a0el mi\u00e9rcoles se pag\u00f3 a jubilados, jubiladas, pensionados y pensionadas que perciben haberes superiores a $36.676 y cuyos DNI terminan con los n\u00fameros 4, 5, 6 y 7.<\/p>\n\n\n\n<p>A su vez, la entidad inform\u00f3 que ese d\u00eda tambi\u00e9n se efectu\u00f3 el pago del bono de $6.000 correspondiente al mes de abril para los beneficiarios y beneficiarias con DNI terminados en 7 y 8. La Administraci\u00f3n Nacional de la Seguridad Social, adem\u00e1s, record\u00f3 que si bien no tienen que solicitar turno para cobrar este beneficio, deben acercarse a la entidad bancaria \u00fanicamente en la fecha asignada.<\/p>\n\n\n\n<p>Por otro lado, el pago de las Pensiones No Contributivas (PNC), Asignaci\u00f3n Universal por Hijo (AUH), Asignaci\u00f3n Universal por Embarazo (AUE) y Jubilaciones y Pensiones con montos mayores a $36.676, finalizaron sus calendarios de abril.<\/p>\n\n\n\n<p><strong>Jubilaciones y pensiones con haberes superiores a $36.676.&nbsp;<a href=\"https:\/\/infocielo.com\/calendario-pagos-a7542\">Calendario de pagos<\/a>:<\/strong><\/p>\n\n\n\n<ul class=\"wp-block-list\"><li>&nbsp;DNI terminado en 0 y 1: lunes 25 de abril<\/li><li>DNI terminado en 2 y 3: martes 26 de abril<\/li><li>DNI terminado en 4 y 5: mi\u00e9rcoles 27 de abril<\/li><li>DNI terminado en 6 y 7: jueves 28 de abril (Pas\u00f3 al 27 de abril)<\/li><li>DNI terminado en 8 y 9: viernes 29 de abril<\/li><\/ul>\n\n\n\n<p>Al bono que anunci\u00f3 el Gobierno Nacional, pueden acceder monotributistas y trabajadores informales no registrados.&nbsp;<strong>Adem\u00e1s, se les brindar\u00e1 una ayuda econ\u00f3mica de $12.000 para jubilados y pensionados, a quienes se les debitar\u00e1 de forma autom\u00e1tica en el mes de mayo.<\/strong><\/p>\n\n\n\n<p><a href=\"https:\/\/media.infocielo.com\/p\/38f7e072ce82bf25818cb61cddaa7986\/adjuntos\/299\/imagenes\/001\/368\/0001368313\/887x0\/smart\/anses-fe-de-vidawebp.png\"><\/a><\/p>\n","protected":false},"excerpt":{"rendered":"<p>El calendario de pagos de abril sufri\u00f3 modificaciones por el paro bancario anunciado para este jueves. Qu\u00e9 pasa con las jubilaciones y pensiones de ANSES. La&nbsp;Administraci\u00f3n Nacional de la Seguridad Social (ANSES)&nbsp;inform\u00f3 que, teniendo en cuenta el paro bancario previsto para hoy jueves 28 de&nbsp;abril&nbsp;de 2022, la fecha en que jubilados y pensionados cobraban sus [&hellip;]<\/p>\n","protected":false},"author":4,"featured_media":3600,"comment_status":"closed","ping_status":"closed","sticky":false,"template":"","format":"standard","meta":{"om_disable_all_campaigns":false,"_jetpack_memberships_contains_paid_content":false,"footnotes":""},"categories":[50,101,2],"tags":[197,696,33,19],"class_list":["post-106442","post","type-post","status-publish","format-standard","has-post-thumbnail","hentry","category-destacadas","category-interes-general-locales","category-locales","tag-buenos-aires","tag-interes-general","tag-locales","tag-san-pedro"],"aioseo_notices":[],"gutentor_comment":0,"jetpack_featured_media_url":"https:\/\/eldiariodesanpedro.com.ar\/sitio\/wp-content\/uploads\/2016\/04\/jubilados.jpg","jetpack_shortlink":"https:\/\/wp.me\/p6RhLt-rGO","jetpack_sharing_enabled":true,"_links":{"self":[{"href":"https:\/\/eldiariodesanpedro.com.ar\/sitio\/wp-json\/wp\/v2\/posts\/106442","targetHints":{"allow":["GET"]}}],"collection":[{"href":"https:\/\/eldiariodesanpedro.com.ar\/sitio\/wp-json\/wp\/v2\/posts"}],"about":[{"href":"https:\/\/eldiariodesanpedro.com.ar\/sitio\/wp-json\/wp\/v2\/types\/post"}],"author":[{"embeddable":true,"href":"https:\/\/eldiariodesanpedro.com.ar\/sitio\/wp-json\/wp\/v2\/users\/4"}],"replies":[{"embeddable":true,"href":"https:\/\/eldiariodesanpedro.com.ar\/sitio\/wp-json\/wp\/v2\/comments?post=106442"}],"version-history":[{"count":1,"href":"https:\/\/eldiariodesanpedro.com.ar\/sitio\/wp-json\/wp\/v2\/posts\/106442\/revisions"}],"predecessor-version":[{"id":106443,"href":"https:\/\/eldiariodesanpedro.com.ar\/sitio\/wp-json\/wp\/v2\/posts\/106442\/revisions\/106443"}],"wp:featuredmedia":[{"embeddable":true,"href":"https:\/\/eldiariodesanpedro.com.ar\/sitio\/wp-json\/wp\/v2\/media\/3600"}],"wp:attachment":[{"href":"https:\/\/eldiariodesanpedro.com.ar\/sitio\/wp-json\/wp\/v2\/media?parent=106442"}],"wp:term":[{"taxonomy":"category","embeddable":true,"href":"https:\/\/eldiariodesanpedro.com.ar\/sitio\/wp-json\/wp\/v2\/categories?post=106442"},{"taxonomy":"post_tag","embeddable":true,"href":"https:\/\/eldiariodesanpedro.com.ar\/sitio\/wp-json\/wp\/v2\/tags?post=106442"}],"curies":[{"name":"wp","href":"https:\/\/api.w.org\/{rel}","templated":true}]}}