{"id":106439,"date":"2022-04-27T19:25:31","date_gmt":"2022-04-27T22:25:31","guid":{"rendered":"https:\/\/eldiariodesanpedro.com.ar\/sitio\/?p=106439"},"modified":"2022-04-27T19:25:32","modified_gmt":"2022-04-27T22:25:32","slug":"la-esposa-de-cristian-almada-pidio-que-lo-busquen-via-area-y-pongan-mas-gente","status":"publish","type":"post","link":"https:\/\/eldiariodesanpedro.com.ar\/sitio\/la-esposa-de-cristian-almada-pidio-que-lo-busquen-via-area-y-pongan-mas-gente\/","title":{"rendered":"La esposa de Cristian Almada pidi\u00f3 que \u00ablo busquen v\u00eda \u00e1rea y pongan m\u00e1s gente\u00bb"},"content":{"rendered":"<!-- VideographyWP Plugin Message: Automatic video embedding prevented by plugin options. -->\n\n<p>El sampedrino de 26 a\u00f1os se encontraba con una balsa improvisada en la costa de Caleta C\u00f3rdova, cuando las intensas r\u00e1fagas de viento y la corriente lo llevaron hacia dentro del mar. La pareja de la v\u00edctima indic\u00f3 que por cuestiones clim\u00e1ticas, la b\u00fasqueda no ha avanzado y no tienen novedades.<\/p>\n\n\n\n<p>El s\u00e1bado pasado, cerca de las&nbsp;16:20 horas, personal de la Comisar\u00eda de Km 8 intervino en la zona costera del barrio Caleta C\u00f3rdova,&nbsp;donde presuntamente&nbsp;<strong>hab\u00eda una persona desaparecida en el mar.<\/strong><\/p>\n\n\n\n<p>El joven se meti\u00f3 el s\u00e1bado 23 de abril al mar con una balsa de fabricaci\u00f3n casera\u00a0en medio de fuertes vientos que superaron los 100 km\/h. Su amigo &#8211; quien lo acompa\u00f1aba ese d\u00eda &#8211; dijo que se subi\u00f3 y que en un momento la marea lo arrastr\u00f3, perdi\u00e9ndolo de vista.<\/p>\n\n\n\n<p><strong>En di\u00e1logo con ADNSUR,&nbsp;Valeria Alanis<\/strong>, la pareja del Leonardo Almada, explic\u00f3 que su esposo&nbsp;<strong>era pescador artesanal y que la b\u00fasqueda no ha avanzado, tras cumplirse tres d\u00edas desde que lo vio por \u00faltima vez.<\/strong><\/p>\n\n\n\n<p>Seg\u00fan coment\u00f3, Leonardo hab\u00eda salido a pescar en compa\u00f1\u00eda de un amigo, y esperaba su regreso en horas del mediod\u00eda del domingo, pero lamentablemente esto no sucedi\u00f3.&nbsp;<\/p>\n\n\n\n<p>\u00abCerca de las 3 de la tarde recib\u00ed un mensaje de que Cristian se hab\u00eda metido a la orilla y en unos segundos supuestamente el amigo dijo que el mar se lo llevaba\u00bb, record\u00f3 Valeria.<\/p>\n\n\n\n<p>Su mam\u00e1&nbsp;Erica Barrios,&nbsp;afirm\u00f3 que es&nbsp;\u201craro\u201d&nbsp;que su hijo haya ingresado al mar con las condiciones clim\u00e1ticas de viento porque \u00e9l ten\u00eda conocimientos de navegaci\u00f3n.&nbsp;<strong>\u00ab\u00c9l conoc\u00eda el peligro del mar, sab\u00eda el tema de las mareas, el viento, todo\u00bb<\/strong>, indic\u00f3.&nbsp;<\/p>\n\n\n\n<p>Tambi\u00e9n reconoci\u00f3 como raro que no haya tenido su celular con \u00e9l en ese momento y lo haya dejado a la orilla junto a otras pertenencias.&nbsp;\u201cCuando \u00e9l estaba en barcos pesqueros, \u00e9l hablaba conmigo, nunca dejaba el celular, sin importar el riesgo de que se le moje o se le pierda. Por eso no s\u00e9 qu\u00e9 pensar.&nbsp;No creo que se haya metido al mar.&nbsp;Tengo que creer lo que me dicen. Me parece todo muy raro\u201d, concluy\u00f3.&nbsp;<\/p>\n\n\n\n<p>Fuente: ADNSUR<\/p>\n","protected":false},"excerpt":{"rendered":"<p>El sampedrino de 26 a\u00f1os se encontraba con una balsa improvisada en la costa de Caleta C\u00f3rdova, cuando las intensas r\u00e1fagas de viento y la corriente lo llevaron hacia dentro del mar. La pareja de la v\u00edctima indic\u00f3 que por cuestiones clim\u00e1ticas, la b\u00fasqueda no ha avanzado y no tienen novedades. El s\u00e1bado pasado, cerca [&hellip;]<\/p>\n","protected":false},"author":4,"featured_media":106440,"comment_status":"closed","ping_status":"closed","sticky":false,"template":"","format":"standard","meta":{"om_disable_all_campaigns":false,"_jetpack_memberships_contains_paid_content":false,"footnotes":""},"categories":[50,101,2],"tags":[197,696,33,19],"class_list":["post-106439","post","type-post","status-publish","format-standard","has-post-thumbnail","hentry","category-destacadas","category-interes-general-locales","category-locales","tag-buenos-aires","tag-interes-general","tag-locales","tag-san-pedro"],"aioseo_notices":[],"gutentor_comment":0,"jetpack_featured_media_url":"https:\/\/eldiariodesanpedro.com.ar\/sitio\/wp-content\/uploads\/2022\/04\/0000020844-resized-1920x1080-1.jpg","jetpack_shortlink":"https:\/\/wp.me\/p6RhLt-rGL","jetpack_sharing_enabled":true,"_links":{"self":[{"href":"https:\/\/eldiariodesanpedro.com.ar\/sitio\/wp-json\/wp\/v2\/posts\/106439","targetHints":{"allow":["GET"]}}],"collection":[{"href":"https:\/\/eldiariodesanpedro.com.ar\/sitio\/wp-json\/wp\/v2\/posts"}],"about":[{"href":"https:\/\/eldiariodesanpedro.com.ar\/sitio\/wp-json\/wp\/v2\/types\/post"}],"author":[{"embeddable":true,"href":"https:\/\/eldiariodesanpedro.com.ar\/sitio\/wp-json\/wp\/v2\/users\/4"}],"replies":[{"embeddable":true,"href":"https:\/\/eldiariodesanpedro.com.ar\/sitio\/wp-json\/wp\/v2\/comments?post=106439"}],"version-history":[{"count":1,"href":"https:\/\/eldiariodesanpedro.com.ar\/sitio\/wp-json\/wp\/v2\/posts\/106439\/revisions"}],"predecessor-version":[{"id":106441,"href":"https:\/\/eldiariodesanpedro.com.ar\/sitio\/wp-json\/wp\/v2\/posts\/106439\/revisions\/106441"}],"wp:featuredmedia":[{"embeddable":true,"href":"https:\/\/eldiariodesanpedro.com.ar\/sitio\/wp-json\/wp\/v2\/media\/106440"}],"wp:attachment":[{"href":"https:\/\/eldiariodesanpedro.com.ar\/sitio\/wp-json\/wp\/v2\/media?parent=106439"}],"wp:term":[{"taxonomy":"category","embeddable":true,"href":"https:\/\/eldiariodesanpedro.com.ar\/sitio\/wp-json\/wp\/v2\/categories?post=106439"},{"taxonomy":"post_tag","embeddable":true,"href":"https:\/\/eldiariodesanpedro.com.ar\/sitio\/wp-json\/wp\/v2\/tags?post=106439"}],"curies":[{"name":"wp","href":"https:\/\/api.w.org\/{rel}","templated":true}]}}