{"id":106434,"date":"2022-04-27T19:20:38","date_gmt":"2022-04-27T22:20:38","guid":{"rendered":"https:\/\/eldiariodesanpedro.com.ar\/sitio\/?p=106434"},"modified":"2022-04-27T19:20:39","modified_gmt":"2022-04-27T22:20:39","slug":"rio-tala-comenzo-a-celebrar-sus-109-anos","status":"publish","type":"post","link":"https:\/\/eldiariodesanpedro.com.ar\/sitio\/rio-tala-comenzo-a-celebrar-sus-109-anos\/","title":{"rendered":"R\u00edo Tala comenz\u00f3 a celebrar sus 109 a\u00f1os"},"content":{"rendered":"<!-- VideographyWP Plugin Message: Automatic video embedding prevented by plugin options. -->\n\n<p>Esta ma\u00f1ana se llev\u00f3 a cabo el acto protocolar en la plaza Juan Bautista Zucchi en el marco del 109\u00b0 aniversario de la localidad de R\u00edo Tala.<\/p>\n\n\n\n<p>Martina Vallejos, alumna de la Escuela Secundaria N\u00ba9 ley\u00f3 un poema y el vecino Juan Yamuni hizo una semblanza hist\u00f3rica de la fecha.<\/p>\n\n\n\n<p>El Intendente Dr. Ram\u00f3n Salazar comenz\u00f3 su mensaje felicitando a los talenses, recordando sus vivencias en la localidad y las virtudes de \u201cuna de las localidades con m\u00e1s historia que siempre ha sido la puerta de ingreso a San Pedro\u201d.<\/p>\n\n\n\n<p>El Jefe Comunal destac\u00f3 el esfuerzo de los vecinos, de los emprendimientos que se vienen generando y la llegada de nuevos servicios. Adem\u00e1s remarc\u00f3 que hay obras importantes en marcha como el regreso de un nuevo plan de viviendas y nuevos pavimentos. Mencion\u00f3 adem\u00e1s la continuidad de las gestiones para la repavimentaci\u00f3n e iluminaci\u00f3n de la Ruta 1001.<\/p>\n\n\n\n<p>Dentro de las actividades previstas se llev\u00f3 a cabo un reconocimiento al ex-combatiente de Malvinas Javier Saucedo quien junto al Intendente y al Delegado, descubrieron una placa que permanecer\u00e1 en el m\u00e1stil que se encuentra en el centro de la plaza de la localidad.<\/p>\n\n\n\n<p>El acto del que participaron funcionarios municipales, concejales, dirigentes institucionales, educativos y vecinos, se coron\u00f3 con una invitaci\u00f3n especial para participar de las actividades del s\u00e1bado, m\u00fasica y torta.<\/p>\n\n\n\n<p>Adem\u00e1s, durante el transcurso de la actividad y en coincidencia con la campa\u00f1a especial por la 20\u00b0 Semana de Vacunaci\u00f3n en las Am\u00e9ricas, se estableci\u00f3 junto a la Delegaci\u00f3n Municipal una posta de vacunaci\u00f3n en la que se realizaron m\u00e1s de 40 aplicaciones.<\/p>\n\n\n\n<figure class=\"wp-block-image size-full\"><img decoding=\"async\" width=\"420\" height=\"630\" data-attachment-id=\"106435\" data-permalink=\"https:\/\/eldiariodesanpedro.com.ar\/sitio\/rio-tala-comenzo-a-celebrar-sus-109-anos\/whatsapp-image-2022-04-27-at-7-15-27-pm\/\" data-orig-file=\"https:\/\/eldiariodesanpedro.com.ar\/sitio\/wp-content\/uploads\/2022\/04\/WhatsApp-Image-2022-04-27-at-7.15.27-PM.jpeg\" data-orig-size=\"420,630\" data-comments-opened=\"0\" data-image-meta=\"{&quot;aperture&quot;:&quot;0&quot;,&quot;credit&quot;:&quot;&quot;,&quot;camera&quot;:&quot;&quot;,&quot;caption&quot;:&quot;&quot;,&quot;created_timestamp&quot;:&quot;0&quot;,&quot;copyright&quot;:&quot;&quot;,&quot;focal_length&quot;:&quot;0&quot;,&quot;iso&quot;:&quot;0&quot;,&quot;shutter_speed&quot;:&quot;0&quot;,&quot;title&quot;:&quot;&quot;,&quot;orientation&quot;:&quot;0&quot;}\" data-image-title=\"WhatsApp Image 2022-04-27 at 7.15.27 PM\" data-image-description=\"\" data-image-caption=\"\" data-large-file=\"https:\/\/eldiariodesanpedro.com.ar\/sitio\/wp-content\/uploads\/2022\/04\/WhatsApp-Image-2022-04-27-at-7.15.27-PM.jpeg\" data-src=\"https:\/\/eldiariodesanpedro.com.ar\/sitio\/wp-content\/uploads\/2022\/04\/WhatsApp-Image-2022-04-27-at-7.15.27-PM.jpeg\" alt=\"\" class=\"wp-image-106435 lazyload\" data-srcset=\"https:\/\/eldiariodesanpedro.com.ar\/sitio\/wp-content\/uploads\/2022\/04\/WhatsApp-Image-2022-04-27-at-7.15.27-PM.jpeg 420w, https:\/\/eldiariodesanpedro.com.ar\/sitio\/wp-content\/uploads\/2022\/04\/WhatsApp-Image-2022-04-27-at-7.15.27-PM-200x300.jpeg 200w\" data-sizes=\"(max-width: 420px) 100vw, 420px\" src=\"data:image\/svg+xml;base64,PHN2ZyB3aWR0aD0iMSIgaGVpZ2h0PSIxIiB4bWxucz0iaHR0cDovL3d3dy53My5vcmcvMjAwMC9zdmciPjwvc3ZnPg==\" style=\"--smush-placeholder-width: 420px; --smush-placeholder-aspect-ratio: 420\/630;\" \/><\/figure>\n","protected":false},"excerpt":{"rendered":"<p>Esta ma\u00f1ana se llev\u00f3 a cabo el acto protocolar en la plaza Juan Bautista Zucchi en el marco del 109\u00b0 aniversario de la localidad de R\u00edo Tala. Martina Vallejos, alumna de la Escuela Secundaria N\u00ba9 ley\u00f3 un poema y el vecino Juan Yamuni hizo una semblanza hist\u00f3rica de la fecha. El Intendente Dr. Ram\u00f3n Salazar [&hellip;]<\/p>\n","protected":false},"author":4,"featured_media":106436,"comment_status":"closed","ping_status":"closed","sticky":false,"template":"","format":"standard","meta":{"om_disable_all_campaigns":false,"_jetpack_memberships_contains_paid_content":false,"footnotes":""},"categories":[50,101,2],"tags":[197,696,33,19],"class_list":["post-106434","post","type-post","status-publish","format-standard","has-post-thumbnail","hentry","category-destacadas","category-interes-general-locales","category-locales","tag-buenos-aires","tag-interes-general","tag-locales","tag-san-pedro"],"aioseo_notices":[],"gutentor_comment":0,"jetpack_featured_media_url":"https:\/\/eldiariodesanpedro.com.ar\/sitio\/wp-content\/uploads\/2022\/04\/WhatsApp-Image-2022-04-27-at-7.15.27-PM-1.jpeg","jetpack_shortlink":"https:\/\/wp.me\/p6RhLt-rGG","jetpack_sharing_enabled":true,"_links":{"self":[{"href":"https:\/\/eldiariodesanpedro.com.ar\/sitio\/wp-json\/wp\/v2\/posts\/106434","targetHints":{"allow":["GET"]}}],"collection":[{"href":"https:\/\/eldiariodesanpedro.com.ar\/sitio\/wp-json\/wp\/v2\/posts"}],"about":[{"href":"https:\/\/eldiariodesanpedro.com.ar\/sitio\/wp-json\/wp\/v2\/types\/post"}],"author":[{"embeddable":true,"href":"https:\/\/eldiariodesanpedro.com.ar\/sitio\/wp-json\/wp\/v2\/users\/4"}],"replies":[{"embeddable":true,"href":"https:\/\/eldiariodesanpedro.com.ar\/sitio\/wp-json\/wp\/v2\/comments?post=106434"}],"version-history":[{"count":1,"href":"https:\/\/eldiariodesanpedro.com.ar\/sitio\/wp-json\/wp\/v2\/posts\/106434\/revisions"}],"predecessor-version":[{"id":106437,"href":"https:\/\/eldiariodesanpedro.com.ar\/sitio\/wp-json\/wp\/v2\/posts\/106434\/revisions\/106437"}],"wp:featuredmedia":[{"embeddable":true,"href":"https:\/\/eldiariodesanpedro.com.ar\/sitio\/wp-json\/wp\/v2\/media\/106436"}],"wp:attachment":[{"href":"https:\/\/eldiariodesanpedro.com.ar\/sitio\/wp-json\/wp\/v2\/media?parent=106434"}],"wp:term":[{"taxonomy":"category","embeddable":true,"href":"https:\/\/eldiariodesanpedro.com.ar\/sitio\/wp-json\/wp\/v2\/categories?post=106434"},{"taxonomy":"post_tag","embeddable":true,"href":"https:\/\/eldiariodesanpedro.com.ar\/sitio\/wp-json\/wp\/v2\/tags?post=106434"}],"curies":[{"name":"wp","href":"https:\/\/api.w.org\/{rel}","templated":true}]}}