{"id":10642,"date":"2016-11-24T19:04:28","date_gmt":"2016-11-24T22:04:28","guid":{"rendered":"https:\/\/eldiariodesanpedro.com.ar\/sitio\/?p=10642"},"modified":"2016-11-24T19:04:28","modified_gmt":"2016-11-24T22:04:28","slug":"nosotros-sabemos-que-clase-de-hijo-criamos-y-sabemos-que-el-no-fue","status":"publish","type":"post","link":"https:\/\/eldiariodesanpedro.com.ar\/sitio\/nosotros-sabemos-que-clase-de-hijo-criamos-y-sabemos-que-el-no-fue\/","title":{"rendered":"\u00abNosotros sabemos qu\u00e9 clase de hijo criamos y sabemos que \u00e9l no fue\u00bb"},"content":{"rendered":"<p><!-- VideographyWP Plugin Message: Automatic video embedding prevented by plugin options. --><br \/>\nEn el d\u00eda de ayer, recibi\u00f3 a El Diario de San Pedro Juan Ram\u00f3n Monz\u00f3n, quien se refiri\u00f3 a su hijo, Nazareno Monz\u00f3n, el \u00fanico detenido acusado de ser el asesino de Pedro caballero. El padre habl\u00f3 sobre la causa y sobre c\u00f3mo fue el hecho seg\u00fan su hijo.<\/p>\n<p>Monz\u00f3n expres\u00f3 que, con lo que ha podido conocer de la causa, lo \u00fanico que ve es que su hijo es inocente, teniendo en cuenta que la mayor\u00eda de las personas que declararon ante el fiscal solo lo involucran en una ri\u00f1a de pu\u00f1os, y no tienen pruebas de que Monz\u00f3n haya apu\u00f1alado a la v\u00edctima. <\/p>\n<p>\u00abNos enteramos de lo ocurrido por lo que sali\u00f3 en las redes sociales. Como mi hijo trabaja de lunes a viernes fuera de la ciudad, \u00e9l no nos hab\u00eda dicho nada. Lo \u00fanico que nos cont\u00f3 es que hab\u00eda tenido una pelea, pero una pelea de pu\u00f1os nada m\u00e1s\u00bb, cont\u00f3 el padre y continu\u00f3: \u00abTenemos que esperar qu\u00e9 determina la Justicia, porque hoy por hoy tienen una confusi\u00f3n tan grande. El hermano del fallecido la semana pasada acus\u00f3 a una persona y despu\u00e9s en la rueda de reconocimiento no la reconoce a esa misma persona\u00bb.<\/p>\n<p>Seg\u00fan Juan Ram\u00f3n, su joven hijo es una excelente persona, andaba en todas las jineteadas ac\u00e1 en la ciudad y tambi\u00e9n en Diamante, entre otros lugares: \u201cLa gente que lo conoce puede decir qu\u00e9 clase de persona es Nazareno\u201d. Adem\u00e1s agreg\u00f3: \u00abNosotros sabemos qu\u00e9 clase de hijo criamos y sabemos que \u00e9l no fue, porque somos de la Iglesia Evang\u00e9lica y creemos en la justicia de Dios, y sabemos que Dios va a hacer justicia\u00bb. <\/p>\n<p>Asimismo, El Diario tambi\u00e9n pudo dialogar con Emiliano, un amigo de Nazareno, quien fue una de las doce personas que estuvieron para reconocimiento en el grupo en que se encontraba el detenido y los otros dos sospechosos. <\/p>\n<p>Emiliano, en primera instancia, expres\u00f3 que quien lo se\u00f1al\u00f3 al detenido fue el hermano de la v\u00edctima, pero remarc\u00f3 que lo reconoci\u00f3 porque fue con quien tuvo el encontronazo y con quien se pele\u00f3, pero que los separaron y que en ning\u00fan momento port\u00f3 alg\u00fan tipo de arma. \u201cTampoco ninguno de los testigos dijo que Nazareno ten\u00eda un arma\u201d, aclar\u00f3. Solamente dos testigos lo identificaron como participantes en la pelea: el hermano de la v\u00edctima y otra persona m\u00e1s. Adem\u00e1s, el amigo de Nazareno consider\u00f3 que solo dos de los tres sospechosos fueron identificados: \u201cDe todos los que estaban para identificar solo dos identificaron a Nazareno y dos al segundo sospechoso, que seg\u00fan ellos este segundo estaba alejado de la pelea\u201d.  <\/p>\n<p>Por \u00faltimo, Emiliano sentenci\u00f3: \u00abLa Justicia no tiene nada para detenerlo as\u00ed como lo tienen, incomunicado de la familia. Pasa que como no ten\u00edan a nadie a qui\u00e9n culpar, bueno, lo agarraron a \u00e9l, bas\u00e1ndose en eso de la pelea, pero ac\u00e1 lo que se est\u00e1 buscando es el culpable de la muerte y no el culpable de la pelea\u00bb.<\/p>\n","protected":false},"excerpt":{"rendered":"<p>En el d\u00eda de ayer, recibi\u00f3 a El Diario de San Pedro Juan Ram\u00f3n Monz\u00f3n, quien se refiri\u00f3 a su hijo, Nazareno Monz\u00f3n, el \u00fanico detenido acusado de ser el asesino de Pedro caballero. El padre habl\u00f3 sobre la causa y sobre c\u00f3mo fue el hecho seg\u00fan su hijo. Monz\u00f3n expres\u00f3 que, con lo que [&hellip;]<\/p>\n","protected":false},"author":4,"featured_media":10659,"comment_status":"open","ping_status":"closed","sticky":false,"template":"","format":"standard","meta":{"om_disable_all_campaigns":false,"_jetpack_memberships_contains_paid_content":false,"footnotes":""},"categories":[50,101,2],"tags":[],"class_list":["post-10642","post","type-post","status-publish","format-standard","has-post-thumbnail","hentry","category-destacadas","category-interes-general-locales","category-locales"],"aioseo_notices":[],"gutentor_comment":0,"jetpack_featured_media_url":"https:\/\/eldiariodesanpedro.com.ar\/sitio\/wp-content\/uploads\/2016\/11\/El-padre-y-el-amigo-del-detenido-aseguran-que-la-fiscal\u00eda-no-tiene-pruebas-suficientes.jpg","jetpack_shortlink":"https:\/\/wp.me\/p6RhLt-2LE","jetpack_sharing_enabled":true,"_links":{"self":[{"href":"https:\/\/eldiariodesanpedro.com.ar\/sitio\/wp-json\/wp\/v2\/posts\/10642","targetHints":{"allow":["GET"]}}],"collection":[{"href":"https:\/\/eldiariodesanpedro.com.ar\/sitio\/wp-json\/wp\/v2\/posts"}],"about":[{"href":"https:\/\/eldiariodesanpedro.com.ar\/sitio\/wp-json\/wp\/v2\/types\/post"}],"author":[{"embeddable":true,"href":"https:\/\/eldiariodesanpedro.com.ar\/sitio\/wp-json\/wp\/v2\/users\/4"}],"replies":[{"embeddable":true,"href":"https:\/\/eldiariodesanpedro.com.ar\/sitio\/wp-json\/wp\/v2\/comments?post=10642"}],"version-history":[{"count":2,"href":"https:\/\/eldiariodesanpedro.com.ar\/sitio\/wp-json\/wp\/v2\/posts\/10642\/revisions"}],"predecessor-version":[{"id":10660,"href":"https:\/\/eldiariodesanpedro.com.ar\/sitio\/wp-json\/wp\/v2\/posts\/10642\/revisions\/10660"}],"wp:featuredmedia":[{"embeddable":true,"href":"https:\/\/eldiariodesanpedro.com.ar\/sitio\/wp-json\/wp\/v2\/media\/10659"}],"wp:attachment":[{"href":"https:\/\/eldiariodesanpedro.com.ar\/sitio\/wp-json\/wp\/v2\/media?parent=10642"}],"wp:term":[{"taxonomy":"category","embeddable":true,"href":"https:\/\/eldiariodesanpedro.com.ar\/sitio\/wp-json\/wp\/v2\/categories?post=10642"},{"taxonomy":"post_tag","embeddable":true,"href":"https:\/\/eldiariodesanpedro.com.ar\/sitio\/wp-json\/wp\/v2\/tags?post=10642"}],"curies":[{"name":"wp","href":"https:\/\/api.w.org\/{rel}","templated":true}]}}