{"id":106412,"date":"2022-04-27T12:17:32","date_gmt":"2022-04-27T15:17:32","guid":{"rendered":"https:\/\/eldiariodesanpedro.com.ar\/sitio\/?p=106412"},"modified":"2022-04-27T12:17:32","modified_gmt":"2022-04-27T15:17:32","slug":"coopser-trabajo-toda-la-madrugada-y-la-manana-de-hoy-para-recuperar-el-servicio-en-las-zonas-afectadas","status":"publish","type":"post","link":"https:\/\/eldiariodesanpedro.com.ar\/sitio\/coopser-trabajo-toda-la-madrugada-y-la-manana-de-hoy-para-recuperar-el-servicio-en-las-zonas-afectadas\/","title":{"rendered":"Coopser trabajo toda la madrugada y la ma\u00f1ana de hoy para recuperar el servicio en las zonas afectadas"},"content":{"rendered":"<!-- VideographyWP Plugin Message: Automatic video embedding prevented by plugin options. -->\n\n<p>COOPSER informa que todas sus cuadrillas disponibles se encuentran trabajando para recuperar el servicio en las zonas afectadas por el temporal de la madrugada.<\/p>\n\n\n\n<p>Aproximadamente a las 3 AM salieron de servicio los alimentadores 4, 6, 234 y 231, &nbsp;que se fueron activando progresivamente.<\/p>\n\n\n\n<p>En las primeras horas de la ma\u00f1ana se trabaja en alimentadores y tendidos de Ruta 191 y calle R\u00f3mulo Na\u00f3n, adem\u00e1s de ir respondiendo a los reclamos que se reciben desde diferentes puntos de la ciudad, las localidades y la zona urbana.<\/p>\n","protected":false},"excerpt":{"rendered":"<p>COOPSER informa que todas sus cuadrillas disponibles se encuentran trabajando para recuperar el servicio en las zonas afectadas por el temporal de la madrugada. Aproximadamente a las 3 AM salieron de servicio los alimentadores 4, 6, 234 y 231, &nbsp;que se fueron activando progresivamente. En las primeras horas de la ma\u00f1ana se trabaja en alimentadores [&hellip;]<\/p>\n","protected":false},"author":4,"featured_media":86002,"comment_status":"closed","ping_status":"closed","sticky":false,"template":"","format":"standard","meta":{"om_disable_all_campaigns":false,"_jetpack_memberships_contains_paid_content":false,"footnotes":""},"categories":[101,2],"tags":[197,696,33,19],"class_list":["post-106412","post","type-post","status-publish","format-standard","has-post-thumbnail","hentry","category-interes-general-locales","category-locales","tag-buenos-aires","tag-interes-general","tag-locales","tag-san-pedro"],"aioseo_notices":[],"gutentor_comment":0,"jetpack_featured_media_url":"https:\/\/eldiariodesanpedro.com.ar\/sitio\/wp-content\/uploads\/2021\/01\/coopser_6.jpg","jetpack_shortlink":"https:\/\/wp.me\/p6RhLt-rGk","jetpack_sharing_enabled":true,"_links":{"self":[{"href":"https:\/\/eldiariodesanpedro.com.ar\/sitio\/wp-json\/wp\/v2\/posts\/106412","targetHints":{"allow":["GET"]}}],"collection":[{"href":"https:\/\/eldiariodesanpedro.com.ar\/sitio\/wp-json\/wp\/v2\/posts"}],"about":[{"href":"https:\/\/eldiariodesanpedro.com.ar\/sitio\/wp-json\/wp\/v2\/types\/post"}],"author":[{"embeddable":true,"href":"https:\/\/eldiariodesanpedro.com.ar\/sitio\/wp-json\/wp\/v2\/users\/4"}],"replies":[{"embeddable":true,"href":"https:\/\/eldiariodesanpedro.com.ar\/sitio\/wp-json\/wp\/v2\/comments?post=106412"}],"version-history":[{"count":1,"href":"https:\/\/eldiariodesanpedro.com.ar\/sitio\/wp-json\/wp\/v2\/posts\/106412\/revisions"}],"predecessor-version":[{"id":106413,"href":"https:\/\/eldiariodesanpedro.com.ar\/sitio\/wp-json\/wp\/v2\/posts\/106412\/revisions\/106413"}],"wp:featuredmedia":[{"embeddable":true,"href":"https:\/\/eldiariodesanpedro.com.ar\/sitio\/wp-json\/wp\/v2\/media\/86002"}],"wp:attachment":[{"href":"https:\/\/eldiariodesanpedro.com.ar\/sitio\/wp-json\/wp\/v2\/media?parent=106412"}],"wp:term":[{"taxonomy":"category","embeddable":true,"href":"https:\/\/eldiariodesanpedro.com.ar\/sitio\/wp-json\/wp\/v2\/categories?post=106412"},{"taxonomy":"post_tag","embeddable":true,"href":"https:\/\/eldiariodesanpedro.com.ar\/sitio\/wp-json\/wp\/v2\/tags?post=106412"}],"curies":[{"name":"wp","href":"https:\/\/api.w.org\/{rel}","templated":true}]}}