{"id":106405,"date":"2022-04-27T10:56:23","date_gmt":"2022-04-27T13:56:23","guid":{"rendered":"https:\/\/eldiariodesanpedro.com.ar\/sitio\/?p=106405"},"modified":"2022-04-27T11:53:55","modified_gmt":"2022-04-27T14:53:55","slug":"abuso-sexual-y-secuestro-detuvieron-a-carlos-devito-y-allanaron-otra-vivienda-en-calle-belgrano","status":"publish","type":"post","link":"https:\/\/eldiariodesanpedro.com.ar\/sitio\/abuso-sexual-y-secuestro-detuvieron-a-carlos-devito-y-allanaron-otra-vivienda-en-calle-belgrano\/","title":{"rendered":"Abuso sexual y secuestro: Detuvieron a Carlos Devito y allanaron otra vivienda en calle Belgrano"},"content":{"rendered":"<!-- VideographyWP Plugin Message: Automatic video embedding prevented by plugin options. -->\n\n<p>Contin\u00faan los operativos relacionados al grave episodio acontecido entre el jueves y el s\u00e1bado donde una persona fue privada de su libertad y abusada mientras permanec\u00eda en el interior de un domicilio. Sobre el atardecer del martes fue detenido un polic\u00eda y Prefectura realiz\u00f3 nuevos allanamientos.<\/p>\n\n\n\n<p>En el marco de la investigaci\u00f3n encabezada por la fiscal Mar\u00eda del Valle Viviani sobre el atardecer del martes se produjeron m\u00e1s detenciones y allanamientos vinculados al caso de Abuso sexual y Privaci\u00f3n Ileg\u00edtima de la Libertad del que resultara v\u00edctima un joven de 30 a\u00f1os.<\/p>\n\n\n\n<p>Uno de los detenidos fue el polic\u00eda Carlos Devito, de 27 a\u00f1os, quien permanec\u00eda pr\u00f3fugo de la justicia y pudo ser aprehendido en su casa de la calle Italia entre Litoral y Chivilcoy luego de que la Polic\u00eda se presentara en su domicilio. No fue nada sencilla la tarea ya que ante la presencia de los funcionarios el acusado se provoc\u00f3 lesiones en ambos brazos. Desde all\u00ed fue trasladado de urgencia a la guardia del Hospital en donde fue asistido y luego internado en una sala del nosocomio en car\u00e1cter de detenido y una custodia policial.<\/p>\n\n\n\n<p>Pr\u00e1cticamente al mismo momento se realiz\u00f3 un allanamiento en una vivienda de la calle Belgrano al 1600 donde se buscaron elementos de prueba.<\/p>\n\n\n\n<p>En total son tres las personas detenidas y cuatro las imputadas en un principio. Todas est\u00e1n acusadas de privar de su libertad y abusar sexualmente de un joven de 30 a\u00f1os a quien mantuvieron cautivo desde el jueves hasta el s\u00e1bado en una vivienda de la calle Rivadavia al 1600.<\/p>\n\n\n\n<p>Lucas Ramos e Isa\u00edas Luppi declararon en el mediod\u00eda del martes y permanecen detenidos en la sede de Prefectura, mientras que el polic\u00eda Carlos Devito, se encuentra internado en el Hospital con custodia policial y en car\u00e1cter de detenido.<\/p>\n\n\n\n<figure class=\"wp-block-image size-large\"><img decoding=\"async\" width=\"1024\" height=\"576\" data-attachment-id=\"106409\" data-permalink=\"https:\/\/eldiariodesanpedro.com.ar\/sitio\/abuso-sexual-y-secuestro-detuvieron-a-carlos-devito-y-allanaron-otra-vivienda-en-calle-belgrano\/0000020843-resized-1920x1080-1\/\" data-orig-file=\"https:\/\/eldiariodesanpedro.com.ar\/sitio\/wp-content\/uploads\/2022\/04\/0000020843-resized-1920x1080-1.jpg\" data-orig-size=\"1120,630\" data-comments-opened=\"0\" data-image-meta=\"{&quot;aperture&quot;:&quot;0&quot;,&quot;credit&quot;:&quot;&quot;,&quot;camera&quot;:&quot;&quot;,&quot;caption&quot;:&quot;&quot;,&quot;created_timestamp&quot;:&quot;0&quot;,&quot;copyright&quot;:&quot;&quot;,&quot;focal_length&quot;:&quot;0&quot;,&quot;iso&quot;:&quot;0&quot;,&quot;shutter_speed&quot;:&quot;0&quot;,&quot;title&quot;:&quot;&quot;,&quot;orientation&quot;:&quot;0&quot;}\" data-image-title=\"0000020843-resized-1920&amp;#215;1080-1\" data-image-description=\"\" data-image-caption=\"\" data-large-file=\"https:\/\/eldiariodesanpedro.com.ar\/sitio\/wp-content\/uploads\/2022\/04\/0000020843-resized-1920x1080-1-1024x576.jpg\" data-src=\"https:\/\/eldiariodesanpedro.com.ar\/sitio\/wp-content\/uploads\/2022\/04\/0000020843-resized-1920x1080-1-1024x576.jpg\" alt=\"\" class=\"wp-image-106409 lazyload\" data-srcset=\"https:\/\/eldiariodesanpedro.com.ar\/sitio\/wp-content\/uploads\/2022\/04\/0000020843-resized-1920x1080-1-1024x576.jpg 1024w, https:\/\/eldiariodesanpedro.com.ar\/sitio\/wp-content\/uploads\/2022\/04\/0000020843-resized-1920x1080-1-300x169.jpg 300w, https:\/\/eldiariodesanpedro.com.ar\/sitio\/wp-content\/uploads\/2022\/04\/0000020843-resized-1920x1080-1-768x432.jpg 768w, https:\/\/eldiariodesanpedro.com.ar\/sitio\/wp-content\/uploads\/2022\/04\/0000020843-resized-1920x1080-1.jpg 1120w\" data-sizes=\"(max-width: 1024px) 100vw, 1024px\" src=\"data:image\/svg+xml;base64,PHN2ZyB3aWR0aD0iMSIgaGVpZ2h0PSIxIiB4bWxucz0iaHR0cDovL3d3dy53My5vcmcvMjAwMC9zdmciPjwvc3ZnPg==\" style=\"--smush-placeholder-width: 1024px; --smush-placeholder-aspect-ratio: 1024\/576;\" \/><figcaption>Belgrano al 1600<\/figcaption><\/figure>\n","protected":false},"excerpt":{"rendered":"<p>Contin\u00faan los operativos relacionados al grave episodio acontecido entre el jueves y el s\u00e1bado donde una persona fue privada de su libertad y abusada mientras permanec\u00eda en el interior de un domicilio. Sobre el atardecer del martes fue detenido un polic\u00eda y Prefectura realiz\u00f3 nuevos allanamientos. En el marco de la investigaci\u00f3n encabezada por la [&hellip;]<\/p>\n","protected":false},"author":4,"featured_media":106407,"comment_status":"closed","ping_status":"closed","sticky":false,"template":"","format":"standard","meta":{"om_disable_all_campaigns":false,"_jetpack_memberships_contains_paid_content":false,"footnotes":""},"categories":[50,2,103],"tags":[197,33,95,19],"class_list":["post-106405","post","type-post","status-publish","format-standard","has-post-thumbnail","hentry","category-destacadas","category-locales","category-policiales-locales","tag-buenos-aires","tag-locales","tag-policiales","tag-san-pedro"],"aioseo_notices":[],"gutentor_comment":0,"jetpack_featured_media_url":"https:\/\/eldiariodesanpedro.com.ar\/sitio\/wp-content\/uploads\/2022\/04\/medida-8.jpg","jetpack_shortlink":"https:\/\/wp.me\/p6RhLt-rGd","jetpack_sharing_enabled":true,"_links":{"self":[{"href":"https:\/\/eldiariodesanpedro.com.ar\/sitio\/wp-json\/wp\/v2\/posts\/106405","targetHints":{"allow":["GET"]}}],"collection":[{"href":"https:\/\/eldiariodesanpedro.com.ar\/sitio\/wp-json\/wp\/v2\/posts"}],"about":[{"href":"https:\/\/eldiariodesanpedro.com.ar\/sitio\/wp-json\/wp\/v2\/types\/post"}],"author":[{"embeddable":true,"href":"https:\/\/eldiariodesanpedro.com.ar\/sitio\/wp-json\/wp\/v2\/users\/4"}],"replies":[{"embeddable":true,"href":"https:\/\/eldiariodesanpedro.com.ar\/sitio\/wp-json\/wp\/v2\/comments?post=106405"}],"version-history":[{"count":3,"href":"https:\/\/eldiariodesanpedro.com.ar\/sitio\/wp-json\/wp\/v2\/posts\/106405\/revisions"}],"predecessor-version":[{"id":106411,"href":"https:\/\/eldiariodesanpedro.com.ar\/sitio\/wp-json\/wp\/v2\/posts\/106405\/revisions\/106411"}],"wp:featuredmedia":[{"embeddable":true,"href":"https:\/\/eldiariodesanpedro.com.ar\/sitio\/wp-json\/wp\/v2\/media\/106407"}],"wp:attachment":[{"href":"https:\/\/eldiariodesanpedro.com.ar\/sitio\/wp-json\/wp\/v2\/media?parent=106405"}],"wp:term":[{"taxonomy":"category","embeddable":true,"href":"https:\/\/eldiariodesanpedro.com.ar\/sitio\/wp-json\/wp\/v2\/categories?post=106405"},{"taxonomy":"post_tag","embeddable":true,"href":"https:\/\/eldiariodesanpedro.com.ar\/sitio\/wp-json\/wp\/v2\/tags?post=106405"}],"curies":[{"name":"wp","href":"https:\/\/api.w.org\/{rel}","templated":true}]}}