{"id":106402,"date":"2022-04-27T10:48:22","date_gmt":"2022-04-27T13:48:22","guid":{"rendered":"https:\/\/eldiariodesanpedro.com.ar\/sitio\/?p=106402"},"modified":"2022-04-27T10:48:23","modified_gmt":"2022-04-27T13:48:23","slug":"alfredo-carrasco-asume-como-secretario-de-gobierno-en-lugar-de-pablo-vlaeminck","status":"publish","type":"post","link":"https:\/\/eldiariodesanpedro.com.ar\/sitio\/alfredo-carrasco-asume-como-secretario-de-gobierno-en-lugar-de-pablo-vlaeminck\/","title":{"rendered":"Alfredo Carrasco asume como Secretario de Gobierno en lugar de Pablo Vlaeminck"},"content":{"rendered":"<!-- VideographyWP Plugin Message: Automatic video embedding prevented by plugin options. -->\n\n<p>El cambio en el gabinete del Intendente Salazar lo confirm\u00f3 el Secretario de Coordinaci\u00f3n Hern\u00e1n Contreras. Carrasco jura el lunes y de inmediato se har\u00e1 cargo de la funci\u00f3n. Vlaeminck asumir\u00e1 como concejal.<\/p>\n\n\n\n<p>El pr\u00f3ximo lunes Alfredo Carrasco asumir\u00e1 como Secretario de Gobierno de la Municipalidad de San Pedro en lugar de Pablo Vlaeminck.<\/p>\n\n\n\n<p>El cambio fue anunciado por el Secretario de Gobierno Hern\u00e1n Contreras en el aire de FM G\u00e9nesis.<\/p>\n\n\n\n<p>Carrasco, quien lleg\u00f3 al equipo de gobierno hace dos a\u00f1os cuando asumi\u00f3 como Secretario de Desarrollo Econ\u00f3mico, luego se sum\u00f3 como asistente de Cecilio Salazar en el Belgrano Cargas, y ahora acept\u00f3 la propuesta de acompa\u00f1ar en la gesti\u00f3n a Ram\u00f3n Salazar.<\/p>\n\n\n\n<p>Mientras tanto, el propio Contreras manifest\u00f3 que Vlaeminck, que hab\u00eda asumido en noviembre del a\u00f1o pasado, ocupar\u00e1 su banca en el concejo deliberante.<\/p>\n","protected":false},"excerpt":{"rendered":"<p>El cambio en el gabinete del Intendente Salazar lo confirm\u00f3 el Secretario de Coordinaci\u00f3n Hern\u00e1n Contreras. Carrasco jura el lunes y de inmediato se har\u00e1 cargo de la funci\u00f3n. Vlaeminck asumir\u00e1 como concejal. El pr\u00f3ximo lunes Alfredo Carrasco asumir\u00e1 como Secretario de Gobierno de la Municipalidad de San Pedro en lugar de Pablo Vlaeminck. El [&hellip;]<\/p>\n","protected":false},"author":4,"featured_media":106403,"comment_status":"closed","ping_status":"closed","sticky":false,"template":"","format":"standard","meta":{"om_disable_all_campaigns":false,"_jetpack_memberships_contains_paid_content":false,"footnotes":""},"categories":[50,2,102],"tags":[197,33,95,19],"class_list":["post-106402","post","type-post","status-publish","format-standard","has-post-thumbnail","hentry","category-destacadas","category-locales","category-politica-locales","tag-buenos-aires","tag-locales","tag-policiales","tag-san-pedro"],"aioseo_notices":[],"gutentor_comment":0,"jetpack_featured_media_url":"https:\/\/eldiariodesanpedro.com.ar\/sitio\/wp-content\/uploads\/2022\/04\/0000020840-resized-1920x1080-1.jpg","jetpack_shortlink":"https:\/\/wp.me\/p6RhLt-rGa","jetpack_sharing_enabled":true,"_links":{"self":[{"href":"https:\/\/eldiariodesanpedro.com.ar\/sitio\/wp-json\/wp\/v2\/posts\/106402","targetHints":{"allow":["GET"]}}],"collection":[{"href":"https:\/\/eldiariodesanpedro.com.ar\/sitio\/wp-json\/wp\/v2\/posts"}],"about":[{"href":"https:\/\/eldiariodesanpedro.com.ar\/sitio\/wp-json\/wp\/v2\/types\/post"}],"author":[{"embeddable":true,"href":"https:\/\/eldiariodesanpedro.com.ar\/sitio\/wp-json\/wp\/v2\/users\/4"}],"replies":[{"embeddable":true,"href":"https:\/\/eldiariodesanpedro.com.ar\/sitio\/wp-json\/wp\/v2\/comments?post=106402"}],"version-history":[{"count":1,"href":"https:\/\/eldiariodesanpedro.com.ar\/sitio\/wp-json\/wp\/v2\/posts\/106402\/revisions"}],"predecessor-version":[{"id":106404,"href":"https:\/\/eldiariodesanpedro.com.ar\/sitio\/wp-json\/wp\/v2\/posts\/106402\/revisions\/106404"}],"wp:featuredmedia":[{"embeddable":true,"href":"https:\/\/eldiariodesanpedro.com.ar\/sitio\/wp-json\/wp\/v2\/media\/106403"}],"wp:attachment":[{"href":"https:\/\/eldiariodesanpedro.com.ar\/sitio\/wp-json\/wp\/v2\/media?parent=106402"}],"wp:term":[{"taxonomy":"category","embeddable":true,"href":"https:\/\/eldiariodesanpedro.com.ar\/sitio\/wp-json\/wp\/v2\/categories?post=106402"},{"taxonomy":"post_tag","embeddable":true,"href":"https:\/\/eldiariodesanpedro.com.ar\/sitio\/wp-json\/wp\/v2\/tags?post=106402"}],"curies":[{"name":"wp","href":"https:\/\/api.w.org\/{rel}","templated":true}]}}