{"id":106397,"date":"2022-04-27T10:29:33","date_gmt":"2022-04-27T13:29:33","guid":{"rendered":"https:\/\/eldiariodesanpedro.com.ar\/sitio\/?p=106397"},"modified":"2022-04-27T10:29:34","modified_gmt":"2022-04-27T13:29:34","slug":"temporal-con-vientos-de-mas-de-100-km-h-en-san-pedro-provoco-voladuras-de-techas-y-caida-de-arboles","status":"publish","type":"post","link":"https:\/\/eldiariodesanpedro.com.ar\/sitio\/temporal-con-vientos-de-mas-de-100-km-h-en-san-pedro-provoco-voladuras-de-techas-y-caida-de-arboles\/","title":{"rendered":"Temporal con vientos de mas de 100 km\/h en San Pedro, provoco voladuras de techas y ca\u00edda de arboles"},"content":{"rendered":"<!-- VideographyWP Plugin Message: Automatic video embedding prevented by plugin options. -->\n\n<p>El \u00e1rea de Defensa Civil a cargo de Fabio Giovanettoni trabaj\u00f3 durante la madrugada por el temporal que, con fuertes r\u00e1fagas de viento, provoc\u00f3 la voladura de siete techos y ca\u00edda de \u00e1rboles. Trabajaron las secretar\u00edas de Obras P\u00fablicas y Desarrollo Humano. Ya no rige alerta meteorol\u00f3gica.\u00a0<\/p>\n\n\n\n<p>En la madrugada de este mi\u00e9rcoles, personal de Defensa Civil encabezados por Fabio Giovanettoni, en conjunto con las cuadrillas de Obras P\u00fablicas de Ariel \u00c1lvarez, a cargo de Gustavo Franco y Pocho Giuliani, y Desarrollo Humano con Walter S\u00e1nchez, tomaron intervenci\u00f3n ante los reclamos generados por el temporal.<\/p>\n\n\n\n<p>Seg\u00fan fue detallado desde el \u00e1rea de Defensa Civil fueron siete las voladuras de techos registrados en distintos puntos de la ciudad, junto con la ca\u00edda de \u00e1rboles sobre el casco urbano y en la Ruta 191, a la altura de Gomila.&nbsp;<\/p>\n\n\n\n<p>En la escuela 501, por ejemplo, se registr\u00f3 la ca\u00edda de un \u00e1rbol de importantes dimensiones.<\/p>\n\n\n\n<p>Afortunadamente, pese a las r\u00e1fagas de m\u00e1s de 100 KM por hora, no hubo que evacuar personas ni se registraron heridos. Tampoco hubo que lamentar las consecuencias del temporal en las localidades.<\/p>\n\n\n\n<p>La tormenta provoc\u00f3 da\u00f1os en las localidades vecinas, registr\u00e1ndose tambi\u00e9n consecuencias en Baradero, Pergamino, San Nicol\u00e1s y Ramallo, entre otros puntos.\u00a0<\/p>\n\n\n\n<figure class=\"wp-block-image size-large\"><img decoding=\"async\" width=\"1024\" height=\"576\" data-attachment-id=\"106399\" data-permalink=\"https:\/\/eldiariodesanpedro.com.ar\/sitio\/temporal-con-vientos-de-mas-de-100-km-h-en-san-pedro-provoco-voladuras-de-techas-y-caida-de-arboles\/whats-app-image-2022-04-27-at-8-37-28-am\/\" data-orig-file=\"https:\/\/eldiariodesanpedro.com.ar\/sitio\/wp-content\/uploads\/2022\/04\/Whats-App-Image-2022-04-27-at-8-37-28-AM.jpg\" data-orig-size=\"1032,581\" data-comments-opened=\"0\" data-image-meta=\"{&quot;aperture&quot;:&quot;0&quot;,&quot;credit&quot;:&quot;&quot;,&quot;camera&quot;:&quot;&quot;,&quot;caption&quot;:&quot;&quot;,&quot;created_timestamp&quot;:&quot;0&quot;,&quot;copyright&quot;:&quot;&quot;,&quot;focal_length&quot;:&quot;0&quot;,&quot;iso&quot;:&quot;0&quot;,&quot;shutter_speed&quot;:&quot;0&quot;,&quot;title&quot;:&quot;&quot;,&quot;orientation&quot;:&quot;0&quot;}\" data-image-title=\"Whats-App-Image-2022-04-27-at-8-37-28-AM\" data-image-description=\"\" data-image-caption=\"\" data-large-file=\"https:\/\/eldiariodesanpedro.com.ar\/sitio\/wp-content\/uploads\/2022\/04\/Whats-App-Image-2022-04-27-at-8-37-28-AM-1024x576.jpg\" data-src=\"https:\/\/eldiariodesanpedro.com.ar\/sitio\/wp-content\/uploads\/2022\/04\/Whats-App-Image-2022-04-27-at-8-37-28-AM-1024x576.jpg\" alt=\"\" class=\"wp-image-106399 lazyload\" data-srcset=\"https:\/\/eldiariodesanpedro.com.ar\/sitio\/wp-content\/uploads\/2022\/04\/Whats-App-Image-2022-04-27-at-8-37-28-AM-1024x576.jpg 1024w, https:\/\/eldiariodesanpedro.com.ar\/sitio\/wp-content\/uploads\/2022\/04\/Whats-App-Image-2022-04-27-at-8-37-28-AM-300x169.jpg 300w, https:\/\/eldiariodesanpedro.com.ar\/sitio\/wp-content\/uploads\/2022\/04\/Whats-App-Image-2022-04-27-at-8-37-28-AM-768x432.jpg 768w, https:\/\/eldiariodesanpedro.com.ar\/sitio\/wp-content\/uploads\/2022\/04\/Whats-App-Image-2022-04-27-at-8-37-28-AM.jpg 1032w\" data-sizes=\"(max-width: 1024px) 100vw, 1024px\" src=\"data:image\/svg+xml;base64,PHN2ZyB3aWR0aD0iMSIgaGVpZ2h0PSIxIiB4bWxucz0iaHR0cDovL3d3dy53My5vcmcvMjAwMC9zdmciPjwvc3ZnPg==\" style=\"--smush-placeholder-width: 1024px; --smush-placeholder-aspect-ratio: 1024\/576;\" \/><\/figure>\n","protected":false},"excerpt":{"rendered":"<p>El \u00e1rea de Defensa Civil a cargo de Fabio Giovanettoni trabaj\u00f3 durante la madrugada por el temporal que, con fuertes r\u00e1fagas de viento, provoc\u00f3 la voladura de siete techos y ca\u00edda de \u00e1rboles. Trabajaron las secretar\u00edas de Obras P\u00fablicas y Desarrollo Humano. Ya no rige alerta meteorol\u00f3gica.\u00a0 En la madrugada de este mi\u00e9rcoles, personal de [&hellip;]<\/p>\n","protected":false},"author":4,"featured_media":106398,"comment_status":"closed","ping_status":"closed","sticky":false,"template":"","format":"standard","meta":{"om_disable_all_campaigns":false,"_jetpack_memberships_contains_paid_content":false,"footnotes":""},"categories":[50,101,2],"tags":[197,696,33,19],"class_list":["post-106397","post","type-post","status-publish","format-standard","has-post-thumbnail","hentry","category-destacadas","category-interes-general-locales","category-locales","tag-buenos-aires","tag-interes-general","tag-locales","tag-san-pedro"],"aioseo_notices":[],"gutentor_comment":0,"jetpack_featured_media_url":"https:\/\/eldiariodesanpedro.com.ar\/sitio\/wp-content\/uploads\/2022\/04\/temporal-techo.jpeg","jetpack_shortlink":"https:\/\/wp.me\/p6RhLt-rG5","jetpack_sharing_enabled":true,"_links":{"self":[{"href":"https:\/\/eldiariodesanpedro.com.ar\/sitio\/wp-json\/wp\/v2\/posts\/106397","targetHints":{"allow":["GET"]}}],"collection":[{"href":"https:\/\/eldiariodesanpedro.com.ar\/sitio\/wp-json\/wp\/v2\/posts"}],"about":[{"href":"https:\/\/eldiariodesanpedro.com.ar\/sitio\/wp-json\/wp\/v2\/types\/post"}],"author":[{"embeddable":true,"href":"https:\/\/eldiariodesanpedro.com.ar\/sitio\/wp-json\/wp\/v2\/users\/4"}],"replies":[{"embeddable":true,"href":"https:\/\/eldiariodesanpedro.com.ar\/sitio\/wp-json\/wp\/v2\/comments?post=106397"}],"version-history":[{"count":1,"href":"https:\/\/eldiariodesanpedro.com.ar\/sitio\/wp-json\/wp\/v2\/posts\/106397\/revisions"}],"predecessor-version":[{"id":106400,"href":"https:\/\/eldiariodesanpedro.com.ar\/sitio\/wp-json\/wp\/v2\/posts\/106397\/revisions\/106400"}],"wp:featuredmedia":[{"embeddable":true,"href":"https:\/\/eldiariodesanpedro.com.ar\/sitio\/wp-json\/wp\/v2\/media\/106398"}],"wp:attachment":[{"href":"https:\/\/eldiariodesanpedro.com.ar\/sitio\/wp-json\/wp\/v2\/media?parent=106397"}],"wp:term":[{"taxonomy":"category","embeddable":true,"href":"https:\/\/eldiariodesanpedro.com.ar\/sitio\/wp-json\/wp\/v2\/categories?post=106397"},{"taxonomy":"post_tag","embeddable":true,"href":"https:\/\/eldiariodesanpedro.com.ar\/sitio\/wp-json\/wp\/v2\/tags?post=106397"}],"curies":[{"name":"wp","href":"https:\/\/api.w.org\/{rel}","templated":true}]}}