{"id":106383,"date":"2022-04-26T12:23:12","date_gmt":"2022-04-26T15:23:12","guid":{"rendered":"https:\/\/eldiariodesanpedro.com.ar\/sitio\/?p=106383"},"modified":"2022-04-26T12:23:13","modified_gmt":"2022-04-26T15:23:13","slug":"continua-la-campana-de-vacunacion-y-control-por-la-semana-de-la-vacunacion-de-las-americas","status":"publish","type":"post","link":"https:\/\/eldiariodesanpedro.com.ar\/sitio\/continua-la-campana-de-vacunacion-y-control-por-la-semana-de-la-vacunacion-de-las-americas\/","title":{"rendered":"Contin\u00faa la campa\u00f1a de vacunaci\u00f3n y control por la Semana de la Vacunaci\u00f3n de las Am\u00e9ricas"},"content":{"rendered":"<!-- VideographyWP Plugin Message: Automatic video embedding prevented by plugin options. -->\n\n<p>La Secretar\u00eda de Salud a trav\u00e9s de su equipo de vacunaci\u00f3n junto a la Regi\u00f3n Sanitaria IV lleva adelante esta semana una campa\u00f1a intensiva de vacunaci\u00f3n en el marco de la \u00abSemana de la vacunaci\u00f3n en las Am\u00e9ricas\u00bb.<\/p>\n\n\n\n<p>El equipo tiene previsto recorrer escuelas para brindar charlas y tener contacto directo con los ni\u00f1os y ni\u00f1as que deben completar sus esquemas y explicarles la importancia de la inmunizaci\u00f3n.<\/p>\n\n\n\n<p>La campa\u00f1a incluye visita a hogares de ancianos y ni\u00f1os, priorizando vacunas antigripales y antisarampionosa adem\u00e1s de revisar sus calendarios.<\/p>\n\n\n\n<p>La vacunaci\u00f3n es un derecho que nos acerca a la cobertura universal de la salud, a la erradicaci\u00f3n de la poliomielitis, a la familia, a los amigos y nos acerca un mundo sin pandemias, a un mundo m\u00e1s justo.<\/p>\n\n\n\n<p>\u00bfEstas protegido? \u00a1Ponte todas tus vacunas!<\/p>\n\n\n\n<figure class=\"wp-block-image size-full\"><img decoding=\"async\" width=\"840\" height=\"630\" data-attachment-id=\"106384\" data-permalink=\"https:\/\/eldiariodesanpedro.com.ar\/sitio\/continua-la-campana-de-vacunacion-y-control-por-la-semana-de-la-vacunacion-de-las-americas\/whatsapp-image-2022-04-26-at-9-49-23-am\/\" data-orig-file=\"https:\/\/eldiariodesanpedro.com.ar\/sitio\/wp-content\/uploads\/2022\/04\/WhatsApp-Image-2022-04-26-at-9.49.23-AM.jpeg\" data-orig-size=\"840,630\" data-comments-opened=\"0\" data-image-meta=\"{&quot;aperture&quot;:&quot;0&quot;,&quot;credit&quot;:&quot;&quot;,&quot;camera&quot;:&quot;&quot;,&quot;caption&quot;:&quot;&quot;,&quot;created_timestamp&quot;:&quot;0&quot;,&quot;copyright&quot;:&quot;&quot;,&quot;focal_length&quot;:&quot;0&quot;,&quot;iso&quot;:&quot;0&quot;,&quot;shutter_speed&quot;:&quot;0&quot;,&quot;title&quot;:&quot;&quot;,&quot;orientation&quot;:&quot;0&quot;}\" data-image-title=\"WhatsApp Image 2022-04-26 at 9.49.23 AM\" data-image-description=\"\" data-image-caption=\"\" data-large-file=\"https:\/\/eldiariodesanpedro.com.ar\/sitio\/wp-content\/uploads\/2022\/04\/WhatsApp-Image-2022-04-26-at-9.49.23-AM.jpeg\" data-src=\"https:\/\/eldiariodesanpedro.com.ar\/sitio\/wp-content\/uploads\/2022\/04\/WhatsApp-Image-2022-04-26-at-9.49.23-AM.jpeg\" alt=\"\" class=\"wp-image-106384 lazyload\" data-srcset=\"https:\/\/eldiariodesanpedro.com.ar\/sitio\/wp-content\/uploads\/2022\/04\/WhatsApp-Image-2022-04-26-at-9.49.23-AM.jpeg 840w, https:\/\/eldiariodesanpedro.com.ar\/sitio\/wp-content\/uploads\/2022\/04\/WhatsApp-Image-2022-04-26-at-9.49.23-AM-300x225.jpeg 300w, https:\/\/eldiariodesanpedro.com.ar\/sitio\/wp-content\/uploads\/2022\/04\/WhatsApp-Image-2022-04-26-at-9.49.23-AM-768x576.jpeg 768w\" data-sizes=\"(max-width: 840px) 100vw, 840px\" src=\"data:image\/svg+xml;base64,PHN2ZyB3aWR0aD0iMSIgaGVpZ2h0PSIxIiB4bWxucz0iaHR0cDovL3d3dy53My5vcmcvMjAwMC9zdmciPjwvc3ZnPg==\" style=\"--smush-placeholder-width: 840px; --smush-placeholder-aspect-ratio: 840\/630;\" \/><\/figure>\n\n\n\n<figure class=\"wp-block-image size-full\"><img decoding=\"async\" width=\"840\" height=\"630\" data-attachment-id=\"106386\" data-permalink=\"https:\/\/eldiariodesanpedro.com.ar\/sitio\/continua-la-campana-de-vacunacion-y-control-por-la-semana-de-la-vacunacion-de-las-americas\/whatsapp-image-2022-04-26-at-9-49-24-am\/\" data-orig-file=\"https:\/\/eldiariodesanpedro.com.ar\/sitio\/wp-content\/uploads\/2022\/04\/WhatsApp-Image-2022-04-26-at-9.49.24-AM.jpeg\" data-orig-size=\"840,630\" data-comments-opened=\"0\" data-image-meta=\"{&quot;aperture&quot;:&quot;0&quot;,&quot;credit&quot;:&quot;&quot;,&quot;camera&quot;:&quot;&quot;,&quot;caption&quot;:&quot;&quot;,&quot;created_timestamp&quot;:&quot;0&quot;,&quot;copyright&quot;:&quot;&quot;,&quot;focal_length&quot;:&quot;0&quot;,&quot;iso&quot;:&quot;0&quot;,&quot;shutter_speed&quot;:&quot;0&quot;,&quot;title&quot;:&quot;&quot;,&quot;orientation&quot;:&quot;0&quot;}\" data-image-title=\"WhatsApp Image 2022-04-26 at 9.49.24 AM\" data-image-description=\"\" data-image-caption=\"\" data-large-file=\"https:\/\/eldiariodesanpedro.com.ar\/sitio\/wp-content\/uploads\/2022\/04\/WhatsApp-Image-2022-04-26-at-9.49.24-AM.jpeg\" data-src=\"https:\/\/eldiariodesanpedro.com.ar\/sitio\/wp-content\/uploads\/2022\/04\/WhatsApp-Image-2022-04-26-at-9.49.24-AM.jpeg\" alt=\"\" class=\"wp-image-106386 lazyload\" data-srcset=\"https:\/\/eldiariodesanpedro.com.ar\/sitio\/wp-content\/uploads\/2022\/04\/WhatsApp-Image-2022-04-26-at-9.49.24-AM.jpeg 840w, https:\/\/eldiariodesanpedro.com.ar\/sitio\/wp-content\/uploads\/2022\/04\/WhatsApp-Image-2022-04-26-at-9.49.24-AM-300x225.jpeg 300w, https:\/\/eldiariodesanpedro.com.ar\/sitio\/wp-content\/uploads\/2022\/04\/WhatsApp-Image-2022-04-26-at-9.49.24-AM-768x576.jpeg 768w\" data-sizes=\"(max-width: 840px) 100vw, 840px\" src=\"data:image\/svg+xml;base64,PHN2ZyB3aWR0aD0iMSIgaGVpZ2h0PSIxIiB4bWxucz0iaHR0cDovL3d3dy53My5vcmcvMjAwMC9zdmciPjwvc3ZnPg==\" style=\"--smush-placeholder-width: 840px; --smush-placeholder-aspect-ratio: 840\/630;\" \/><\/figure>\n","protected":false},"excerpt":{"rendered":"<p>La Secretar\u00eda de Salud a trav\u00e9s de su equipo de vacunaci\u00f3n junto a la Regi\u00f3n Sanitaria IV lleva adelante esta semana una campa\u00f1a intensiva de vacunaci\u00f3n en el marco de la \u00abSemana de la vacunaci\u00f3n en las Am\u00e9ricas\u00bb. El equipo tiene previsto recorrer escuelas para brindar charlas y tener contacto directo con los ni\u00f1os y [&hellip;]<\/p>\n","protected":false},"author":4,"featured_media":106385,"comment_status":"closed","ping_status":"closed","sticky":false,"template":"","format":"standard","meta":{"om_disable_all_campaigns":false,"_jetpack_memberships_contains_paid_content":false,"footnotes":""},"categories":[101,2],"tags":[197,696,33,19],"class_list":["post-106383","post","type-post","status-publish","format-standard","has-post-thumbnail","hentry","category-interes-general-locales","category-locales","tag-buenos-aires","tag-interes-general","tag-locales","tag-san-pedro"],"aioseo_notices":[],"gutentor_comment":0,"jetpack_featured_media_url":"https:\/\/eldiariodesanpedro.com.ar\/sitio\/wp-content\/uploads\/2022\/04\/WhatsApp-Image-2022-04-26-at-9.49.24-AM-1.jpeg","jetpack_shortlink":"https:\/\/wp.me\/p6RhLt-rFR","jetpack_sharing_enabled":true,"_links":{"self":[{"href":"https:\/\/eldiariodesanpedro.com.ar\/sitio\/wp-json\/wp\/v2\/posts\/106383","targetHints":{"allow":["GET"]}}],"collection":[{"href":"https:\/\/eldiariodesanpedro.com.ar\/sitio\/wp-json\/wp\/v2\/posts"}],"about":[{"href":"https:\/\/eldiariodesanpedro.com.ar\/sitio\/wp-json\/wp\/v2\/types\/post"}],"author":[{"embeddable":true,"href":"https:\/\/eldiariodesanpedro.com.ar\/sitio\/wp-json\/wp\/v2\/users\/4"}],"replies":[{"embeddable":true,"href":"https:\/\/eldiariodesanpedro.com.ar\/sitio\/wp-json\/wp\/v2\/comments?post=106383"}],"version-history":[{"count":1,"href":"https:\/\/eldiariodesanpedro.com.ar\/sitio\/wp-json\/wp\/v2\/posts\/106383\/revisions"}],"predecessor-version":[{"id":106387,"href":"https:\/\/eldiariodesanpedro.com.ar\/sitio\/wp-json\/wp\/v2\/posts\/106383\/revisions\/106387"}],"wp:featuredmedia":[{"embeddable":true,"href":"https:\/\/eldiariodesanpedro.com.ar\/sitio\/wp-json\/wp\/v2\/media\/106385"}],"wp:attachment":[{"href":"https:\/\/eldiariodesanpedro.com.ar\/sitio\/wp-json\/wp\/v2\/media?parent=106383"}],"wp:term":[{"taxonomy":"category","embeddable":true,"href":"https:\/\/eldiariodesanpedro.com.ar\/sitio\/wp-json\/wp\/v2\/categories?post=106383"},{"taxonomy":"post_tag","embeddable":true,"href":"https:\/\/eldiariodesanpedro.com.ar\/sitio\/wp-json\/wp\/v2\/tags?post=106383"}],"curies":[{"name":"wp","href":"https:\/\/api.w.org\/{rel}","templated":true}]}}