{"id":106379,"date":"2022-04-26T12:18:12","date_gmt":"2022-04-26T15:18:12","guid":{"rendered":"https:\/\/eldiariodesanpedro.com.ar\/sitio\/?p=106379"},"modified":"2022-04-26T12:18:13","modified_gmt":"2022-04-26T15:18:13","slug":"se-presento-el-programa-mesa-bonaerense-para-la-seguridad-alimentaria-de-ninos-ninas-y-adolescentes","status":"publish","type":"post","link":"https:\/\/eldiariodesanpedro.com.ar\/sitio\/se-presento-el-programa-mesa-bonaerense-para-la-seguridad-alimentaria-de-ninos-ninas-y-adolescentes\/","title":{"rendered":"Se present\u00f3 el programa MESA Bonaerense para la seguridad alimentaria de ni\u00f1os, ni\u00f1as y adolescentes"},"content":{"rendered":"<!-- VideographyWP Plugin Message: Automatic video embedding prevented by plugin options. -->\n\n<p>El gobernador de la provincia de Buenos Aires, Axel Kicillof, encabez\u00f3 junto al diputado nacional M\u00e1ximo Kirchner, el ministro de Desarrollo Social de la Naci\u00f3n, Juan Zabaleta, y el ministro de Desarrollo de la Comunidad bonaerense, Andr\u00e9s Larroque, la presentaci\u00f3n del Programa MESA Bonaerense, una iniciativa que busca garantizar la seguridad alimentaria en los sectores de mayor vulnerabilidad social.<\/p>\n\n\n\n<p>El programa M\u00f3dulo Extraordinario para la Seguridad Alimentaria (MESA) consiste en la entrega de un m\u00f3dulo alimentario mensual que alcanza a m\u00e1s de dos millones de familias de ni\u00f1os, ni\u00f1as y adolescentes que asisten a los 11 mil comedores escolares que funcionan en los establecimientos educativos incluidos en el Servicio Alimentario Escolar (SAE).<\/p>\n\n\n\n<p>Participaron adem\u00e1s el jefe de Gabinete, Mart\u00edn Insaurralde; la directora ejecutiva de la ANSES, Fernanda Raverta; la ministra de Gobierno, Cristina \u00c1lvarez Rodr\u00edguez; el director general de Cultura y Educaci\u00f3n, Alberto Sileoni; el intendente del municipio de Florencio Varela Andr\u00e9s Watson y en representaci\u00f3n local el secretario de Desarrollo Humano Walter S\u00e1nchez.<\/p>\n\n\n\n<p>Los beneficiarios del programa recibir\u00e1n tambi\u00e9n un cuadernillo que cuenta con informaci\u00f3n nutricional y una gu\u00eda de recetas saludables confeccionados por el equipo de la Direcci\u00f3n de Nutrici\u00f3n y Calidad de los Alimentos del Ministerio de Desarrollo de la Comunidad.<\/p>\n\n\n\n<figure class=\"wp-block-image size-full\"><img decoding=\"async\" width=\"473\" height=\"630\" data-attachment-id=\"106381\" data-permalink=\"https:\/\/eldiariodesanpedro.com.ar\/sitio\/se-presento-el-programa-mesa-bonaerense-para-la-seguridad-alimentaria-de-ninos-ninas-y-adolescentes\/whatsapp-image-2022-04-26-at-9-26-48-am\/\" data-orig-file=\"https:\/\/eldiariodesanpedro.com.ar\/sitio\/wp-content\/uploads\/2022\/04\/WhatsApp-Image-2022-04-26-at-9.26.48-AM.jpeg\" data-orig-size=\"473,630\" data-comments-opened=\"0\" data-image-meta=\"{&quot;aperture&quot;:&quot;0&quot;,&quot;credit&quot;:&quot;&quot;,&quot;camera&quot;:&quot;&quot;,&quot;caption&quot;:&quot;&quot;,&quot;created_timestamp&quot;:&quot;0&quot;,&quot;copyright&quot;:&quot;&quot;,&quot;focal_length&quot;:&quot;0&quot;,&quot;iso&quot;:&quot;0&quot;,&quot;shutter_speed&quot;:&quot;0&quot;,&quot;title&quot;:&quot;&quot;,&quot;orientation&quot;:&quot;0&quot;}\" data-image-title=\"WhatsApp Image 2022-04-26 at 9.26.48 AM\" data-image-description=\"\" data-image-caption=\"\" data-large-file=\"https:\/\/eldiariodesanpedro.com.ar\/sitio\/wp-content\/uploads\/2022\/04\/WhatsApp-Image-2022-04-26-at-9.26.48-AM.jpeg\" data-src=\"https:\/\/eldiariodesanpedro.com.ar\/sitio\/wp-content\/uploads\/2022\/04\/WhatsApp-Image-2022-04-26-at-9.26.48-AM.jpeg\" alt=\"\" class=\"wp-image-106381 lazyload\" data-srcset=\"https:\/\/eldiariodesanpedro.com.ar\/sitio\/wp-content\/uploads\/2022\/04\/WhatsApp-Image-2022-04-26-at-9.26.48-AM.jpeg 473w, https:\/\/eldiariodesanpedro.com.ar\/sitio\/wp-content\/uploads\/2022\/04\/WhatsApp-Image-2022-04-26-at-9.26.48-AM-225x300.jpeg 225w\" data-sizes=\"(max-width: 473px) 100vw, 473px\" src=\"data:image\/svg+xml;base64,PHN2ZyB3aWR0aD0iMSIgaGVpZ2h0PSIxIiB4bWxucz0iaHR0cDovL3d3dy53My5vcmcvMjAwMC9zdmciPjwvc3ZnPg==\" style=\"--smush-placeholder-width: 473px; --smush-placeholder-aspect-ratio: 473\/630;\" \/><\/figure>\n","protected":false},"excerpt":{"rendered":"<p>El gobernador de la provincia de Buenos Aires, Axel Kicillof, encabez\u00f3 junto al diputado nacional M\u00e1ximo Kirchner, el ministro de Desarrollo Social de la Naci\u00f3n, Juan Zabaleta, y el ministro de Desarrollo de la Comunidad bonaerense, Andr\u00e9s Larroque, la presentaci\u00f3n del Programa MESA Bonaerense, una iniciativa que busca garantizar la seguridad alimentaria en los sectores [&hellip;]<\/p>\n","protected":false},"author":4,"featured_media":106380,"comment_status":"closed","ping_status":"closed","sticky":false,"template":"","format":"standard","meta":{"om_disable_all_campaigns":false,"_jetpack_memberships_contains_paid_content":false,"footnotes":""},"categories":[50,101,2],"tags":[197,696,33,19],"class_list":["post-106379","post","type-post","status-publish","format-standard","has-post-thumbnail","hentry","category-destacadas","category-interes-general-locales","category-locales","tag-buenos-aires","tag-interes-general","tag-locales","tag-san-pedro"],"aioseo_notices":[],"gutentor_comment":0,"jetpack_featured_media_url":"https:\/\/eldiariodesanpedro.com.ar\/sitio\/wp-content\/uploads\/2022\/04\/WhatsApp-Image-2022-04-26-at-9.26.47-AM.jpeg","jetpack_shortlink":"https:\/\/wp.me\/p6RhLt-rFN","jetpack_sharing_enabled":true,"_links":{"self":[{"href":"https:\/\/eldiariodesanpedro.com.ar\/sitio\/wp-json\/wp\/v2\/posts\/106379","targetHints":{"allow":["GET"]}}],"collection":[{"href":"https:\/\/eldiariodesanpedro.com.ar\/sitio\/wp-json\/wp\/v2\/posts"}],"about":[{"href":"https:\/\/eldiariodesanpedro.com.ar\/sitio\/wp-json\/wp\/v2\/types\/post"}],"author":[{"embeddable":true,"href":"https:\/\/eldiariodesanpedro.com.ar\/sitio\/wp-json\/wp\/v2\/users\/4"}],"replies":[{"embeddable":true,"href":"https:\/\/eldiariodesanpedro.com.ar\/sitio\/wp-json\/wp\/v2\/comments?post=106379"}],"version-history":[{"count":1,"href":"https:\/\/eldiariodesanpedro.com.ar\/sitio\/wp-json\/wp\/v2\/posts\/106379\/revisions"}],"predecessor-version":[{"id":106382,"href":"https:\/\/eldiariodesanpedro.com.ar\/sitio\/wp-json\/wp\/v2\/posts\/106379\/revisions\/106382"}],"wp:featuredmedia":[{"embeddable":true,"href":"https:\/\/eldiariodesanpedro.com.ar\/sitio\/wp-json\/wp\/v2\/media\/106380"}],"wp:attachment":[{"href":"https:\/\/eldiariodesanpedro.com.ar\/sitio\/wp-json\/wp\/v2\/media?parent=106379"}],"wp:term":[{"taxonomy":"category","embeddable":true,"href":"https:\/\/eldiariodesanpedro.com.ar\/sitio\/wp-json\/wp\/v2\/categories?post=106379"},{"taxonomy":"post_tag","embeddable":true,"href":"https:\/\/eldiariodesanpedro.com.ar\/sitio\/wp-json\/wp\/v2\/tags?post=106379"}],"curies":[{"name":"wp","href":"https:\/\/api.w.org\/{rel}","templated":true}]}}