{"id":106377,"date":"2022-04-26T11:04:01","date_gmt":"2022-04-26T14:04:01","guid":{"rendered":"https:\/\/eldiariodesanpedro.com.ar\/sitio\/?p=106377"},"modified":"2022-04-26T12:19:59","modified_gmt":"2022-04-26T15:19:59","slug":"franco-mi-hermano-fue-abusado-y-torturado-por-lo-menos-por-4-o-5-dias","status":"publish","type":"post","link":"https:\/\/eldiariodesanpedro.com.ar\/sitio\/franco-mi-hermano-fue-abusado-y-torturado-por-lo-menos-por-4-o-5-dias\/","title":{"rendered":"Franco: \u00abMi hermano fue abusado y torturado por lo menos por 4 o 5 d\u00edas\u00bb"},"content":{"rendered":"<!-- VideographyWP Plugin Message: Automatic video embedding prevented by plugin options. -->\n\n<p>El Hermano de la victima de privacion ilegitima de la libertad y abuso sexual agravado declaro por el medio Sin Galera, donde dio detalles de lo sucesido la semana pasada.<\/p>\n\n\n\n<p>Seg\u00fan dio detalles Franco el hermano de la v\u00edctima el joven de 30 a\u00f1os estuvo m\u00e1s d\u00edas de lo que en un principio se cre\u00eda y pudo llegar a estar 5 d\u00edas encerrado donde fue abusado, torturado y golpeado.<\/p>\n\n\n\n<p>Tambi\u00e9n Franco declar\u00f3 que conoce a cada una de las personas que estuvieron implicadas en el hecho y que mantuvieron cautivos a la v\u00edctima.<\/p>\n\n\n\n<p>Agreg\u00f3 \u201cEstas personas que tuvieron cautivo a mi hermano abusaron sexualmente entre todos y ya hab\u00edan hecho esto mismo a otras personas e inclusive incitaron a personas a que se suicidan ahorc\u00e1ndose por deudas de droga\u201d.<\/p>\n\n\n\n<p>\u201cYo estaba hablando con mi hermano por que le hab\u00eda conseguido trabajo en otra ciudad y el lunes me escribi\u00f3 que no lo moleste nunca m\u00e1s, entonces como la v\u00edctima andaba con sus cautores, decid\u00ed llamarlo a uno de ellos el s\u00e1bado y fue ah\u00ed cuando lo liberaron\u201d.<\/p>\n\n\n\n<p>\u201cAhora mi familia est\u00e1 asustada porque estos mafiosos son capaces de cualquier cosa por eso pido protecci\u00f3n\u201d.<\/p>\n\n\n\n<p>Recordemos que se encuentran identificadas las cuatro personas que abusaron, maniataron y torturaron a este joven, que se pudo asegurar que fue por deuda de drogas. Dos de ellos ya se encuentran aprendidos y dos se encuentran pr\u00f3fugos. Adem\u00e1s se identificaron a otras personas que estuvieron en ese lugar incluyendo una mujer.<\/p>\n","protected":false},"excerpt":{"rendered":"<p>El Hermano de la victima de privacion ilegitima de la libertad y abuso sexual agravado declaro por el medio Sin Galera, donde dio detalles de lo sucesido la semana pasada. Seg\u00fan dio detalles Franco el hermano de la v\u00edctima el joven de 30 a\u00f1os estuvo m\u00e1s d\u00edas de lo que en un principio se cre\u00eda [&hellip;]<\/p>\n","protected":false},"author":4,"featured_media":106358,"comment_status":"closed","ping_status":"closed","sticky":false,"template":"","format":"standard","meta":{"om_disable_all_campaigns":false,"_jetpack_memberships_contains_paid_content":false,"footnotes":""},"categories":[50,2,103],"tags":[197,33,95,19],"class_list":["post-106377","post","type-post","status-publish","format-standard","has-post-thumbnail","hentry","category-destacadas","category-locales","category-policiales-locales","tag-buenos-aires","tag-locales","tag-policiales","tag-san-pedro"],"aioseo_notices":[],"gutentor_comment":0,"jetpack_featured_media_url":"https:\/\/eldiariodesanpedro.com.ar\/sitio\/wp-content\/uploads\/2022\/04\/WhatsApp-Image-2022-04-25-at-2.07.44-PM.jpeg","jetpack_shortlink":"https:\/\/wp.me\/p6RhLt-rFL","jetpack_sharing_enabled":true,"_links":{"self":[{"href":"https:\/\/eldiariodesanpedro.com.ar\/sitio\/wp-json\/wp\/v2\/posts\/106377","targetHints":{"allow":["GET"]}}],"collection":[{"href":"https:\/\/eldiariodesanpedro.com.ar\/sitio\/wp-json\/wp\/v2\/posts"}],"about":[{"href":"https:\/\/eldiariodesanpedro.com.ar\/sitio\/wp-json\/wp\/v2\/types\/post"}],"author":[{"embeddable":true,"href":"https:\/\/eldiariodesanpedro.com.ar\/sitio\/wp-json\/wp\/v2\/users\/4"}],"replies":[{"embeddable":true,"href":"https:\/\/eldiariodesanpedro.com.ar\/sitio\/wp-json\/wp\/v2\/comments?post=106377"}],"version-history":[{"count":1,"href":"https:\/\/eldiariodesanpedro.com.ar\/sitio\/wp-json\/wp\/v2\/posts\/106377\/revisions"}],"predecessor-version":[{"id":106378,"href":"https:\/\/eldiariodesanpedro.com.ar\/sitio\/wp-json\/wp\/v2\/posts\/106377\/revisions\/106378"}],"wp:featuredmedia":[{"embeddable":true,"href":"https:\/\/eldiariodesanpedro.com.ar\/sitio\/wp-json\/wp\/v2\/media\/106358"}],"wp:attachment":[{"href":"https:\/\/eldiariodesanpedro.com.ar\/sitio\/wp-json\/wp\/v2\/media?parent=106377"}],"wp:term":[{"taxonomy":"category","embeddable":true,"href":"https:\/\/eldiariodesanpedro.com.ar\/sitio\/wp-json\/wp\/v2\/categories?post=106377"},{"taxonomy":"post_tag","embeddable":true,"href":"https:\/\/eldiariodesanpedro.com.ar\/sitio\/wp-json\/wp\/v2\/tags?post=106377"}],"curies":[{"name":"wp","href":"https:\/\/api.w.org\/{rel}","templated":true}]}}